{"id":6319,"date":"2026-09-05T11:47:02","date_gmt":"2026-09-05T09:47:02","guid":{"rendered":"https:\/\/parafia-osieczna.pl\/?p=6319"},"modified":"2026-09-05T11:47:04","modified_gmt":"2026-09-05T09:47:04","slug":"xxiii-niedziela-w-ciagu-roku-6-wrzesnia-2026-r","status":"publish","type":"post","link":"https:\/\/parafia-osieczna.pl\/?p=6319","title":{"rendered":"XXIII Niedziela w ci\u0105gu roku \u2013 6 wrze\u015bnia 2026 r."},"content":{"rendered":"\n<p class=\"wp-block-paragraph\">l. Od pocz\u0105tku wrze\u015bnia <strong>modlimy si\u0119 o pok\u00f3j i dobre wychowanie m\u0142odego pokolenia<\/strong>. Warto wi\u0119c dzi\u015b przypomnie\u0107 s\u0142owa \u015awi\u0119tego Jana Paw\u0142a II: \u201eOsi\u0105gniemy pok\u00f3j, wychowuj\u0105c do pokoju! [\u2026] Ko\u015bci\u00f3\u0142 nie przestaje powtarza\u0107: pok\u00f3j jest obowi\u0105zkiem\u201d (z Or\u0119dzia na XXXVII \u015awiatowy Dzie\u0144 Pokoju). W zbli\u017caj\u0105c\u0105 si\u0119 rocznic\u0119 terrorystycznego zamachu na Word Trade Center w Nowym Jorku, 11 wrze\u015bnia (przypada w nadchodz\u0105cy pi\u0105tek), obejmijmy pami\u0119ci\u0105 ofiary tej i innych tragedii, kt\u00f3rych \u017ar\u00f3d\u0142em zawsze jest nienawi\u015b\u0107. Pro\u015bmy Chrystusa \u2013 Ksi\u0119cia Pokoju, aby nasze dzieci wzrasta\u0142y w poczuciu bezpiecze\u0144stwa i&nbsp;w harmonii, a nasza Ojczyzna unikn\u0119\u0142a okrucie\u0144stwa terroryzmu.<\/p>\n\n\n\n<p class=\"wp-block-paragraph\">2. Wrzesie\u0144, podobnie jak sierpie\u0144, przemierzamy z Maryj\u0105. W najbli\u017cszy wtorek, 8 wrze\u015bnia, przypada jedno z najstarszych \u015bwi\u0105t maryjnych: <strong>Narodzenie Naj\u015bwi\u0119tszej Maryi Panny<\/strong>. W&nbsp;naszej polskiej tradycji znane jest jako \u015bwi\u0119to Matki Bo\u017cej Siewnej. Polecaj\u0105c Bo\u017cej Opatrzno\u015bci, za przyczyn\u0105 i wstawiennictwem Matki Bo\u017cej, przysz\u0142oroczne plony, pami\u0119tajmy, \u017ce i my jeste\u015bmy \u201euprawn\u0105 rol\u0105\u201d, na kt\u00f3r\u0105 pada ziarno s\u0142owa Bo\u017cego. Jaki ono wydaje w moim \u017cyciu owoc \u2013 oto pytanie, jakie w kontek\u015bcie tego \u015bwi\u0119ta warto sobie samemu postawi\u0107. Natomiast w pi\u0105tek, 12 wrze\u015bnia, w liturgii wspominamy <strong>Naj\u015bwi\u0119tsze Imi\u0119 Maryi<\/strong>.<\/p>\n\n\n\n<p class=\"wp-block-paragraph\">3. Serdecznie zapraszam na \u015brodow\u0105 Msz\u0119 \u015awi\u0119t\u0105 oraz sprawowan\u0105 w naszym ko\u015bciele po Mszy \u015bw. o godz. 18.00 <strong>Nowenn\u0119 do Matki Bo\u017cej Nieustaj\u0105cej Pomocy<\/strong>.<\/p>\n\n\n\n<p class=\"wp-block-paragraph\">4. W <strong>czwartek<\/strong> zapraszam od godz. 17.30 do 18.00 do naszego ko\u015bcio\u0142a na cotygodniow\u0105 <strong>adoracj\u0119 Pana Jezusa ukrytego w Naj\u015bwi\u0119tszym Sakramencie<\/strong>. W tym czasie okazja do Spowiedzi \u015bw.<\/p>\n\n\n\n<p class=\"wp-block-paragraph\">5. Nadal pielgrzymujemy i gromadzimy si\u0119 w wielu maryjnych sanktuariach, aby uczy\u0107 si\u0119 Chrystusa, <strong>aby rozwija\u0107 w sobie wiar\u0119, nadziej\u0119 i mi\u0142o\u015b\u0107 w szkole Maryi<\/strong>. Ona raz powiedzia\u0142a Bogu \u201efiat\u201d i wytrwa\u0142a w nim do ko\u0144ca. My r\u00f3wnie\u017c, zachwyceni Jej wzorem, postarajmy si\u0119 tak pog\u0142\u0119bia\u0107 nasz\u0105 przyja\u017a\u0144 z Panem Bogiem, \u017ceby przetrwa\u0142a wszystkie \u017cyciowe burze.<\/p>\n\n\n\n<p class=\"wp-block-paragraph\">6. W przysz\u0142\u0105 niedziel\u0119, 13 wrze\u015bnia, rozpoczn\u0105 si\u0119 <strong>Kwartalne dni modlitw za dzieci, m\u0142odzie\u017c i wychowawc\u00f3w<\/strong>.<\/p>\n\n\n\n<p class=\"wp-block-paragraph\">7. Dzi\u0119kuj\u0119 Pa\u0144stwu Landowskim, Gornowicz i Stosik z Wybudowania za przygotowanie ko\u015bcio\u0142a na dzisiejsz\u0105 niedziel\u0119. W przysz\u0142ym tygodniu o przygotowanie ko\u015bcio\u0142a poprosz\u0119 Pa\u0144stwo Andrearczyk, Pazda i Mazurowskich z Wybudowania.<\/p>\n\n\n\n<p class=\"wp-block-paragraph\">8. Biuro Parafialne czynne w tym tygodniu: we wtorek, w \u015brod\u0119 i w pi\u0105tek od godz. 17.00 do godz. 17.30, w czwartek od godz. 16.45 do godz. 17.15, a w sobot\u0119 bezpo\u015brednio po Mszy \u015bw. o godz. 8.00 do godz. 9.00 &#8211; mo\u017cna zamawia\u0107, a tak\u017ce rezerwowa\u0107 <strong>intencje mszalne <u>na rok 2027<\/u><\/strong>.<\/p>\n\n\n\n<p class=\"wp-block-paragraph\">9. Przekazuj\u0119 wszystkim obchodz\u0105cym <strong>imieniny i urodziny<\/strong> najserdeczniejsze \u017cyczenia.<\/p>\n","protected":false},"excerpt":{"rendered":"<p>l. Od pocz\u0105tku wrze\u015bnia modlimy si\u0119 o pok\u00f3j i dobre wychowanie m\u0142odego pokolenia. Warto wi\u0119c dzi\u015b przypomnie\u0107 s\u0142owa \u015awi\u0119tego Jana Paw\u0142a II: \u201eOsi\u0105gniemy pok\u00f3j, wychowuj\u0105c do pokoju! [\u2026] Ko\u015bci\u00f3\u0142 nie przestaje powtarza\u0107: pok\u00f3j jest obowi\u0105zkiem\u201d (z Or\u0119dzia na XXXVII \u015awiatowy Dzie\u0144 Pokoju). W zbli\u017caj\u0105c\u0105 si\u0119 rocznic\u0119 terrorystycznego zamachu na Word Trade Center w Nowym Jorku, [&hellip;]<\/p>\n","protected":false},"author":7,"featured_media":5261,"comment_status":"closed","ping_status":"closed","sticky":false,"template":"","format":"standard","meta":{"footnotes":""},"categories":[1],"tags":[],"class_list":["post-6319","post","type-post","status-publish","format-standard","has-post-thumbnail","hentry","category-ogloszenia-parafialne"],"yoast_head":"<!-- This site is optimized with the Yoast SEO plugin v28.2 - https:\/\/yoast.com\/product\/yoast-seo-wordpress\/ -->\n<title>XXIII Niedziela w ci\u0105gu roku \u2013 6 wrze\u015bnia 2026 r. - Parafia Niepokalanego Pocz\u0119cia Naj\u015bwi\u0119tszej Maryi Panny w Osiecznej<\/title>\n<meta name=\"robots\" content=\"index, follow, max-snippet:-1, max-image-preview:large, max-video-preview:-1\" \/>\n<link rel=\"canonical\" href=\"https:\/\/parafia-osieczna.pl\/?p=6319\" \/>\n<meta property=\"og:locale\" content=\"pl_PL\" \/>\n<meta property=\"og:type\" content=\"article\" \/>\n<meta property=\"og:title\" content=\"XXIII Niedziela w ci\u0105gu roku \u2013 6 wrze\u015bnia 2026 r. - Parafia Niepokalanego Pocz\u0119cia Naj\u015bwi\u0119tszej Maryi Panny w Osiecznej\" \/>\n<meta property=\"og:description\" content=\"l. Od pocz\u0105tku wrze\u015bnia modlimy si\u0119 o pok\u00f3j i dobre wychowanie m\u0142odego pokolenia. Warto wi\u0119c dzi\u015b przypomnie\u0107 s\u0142owa \u015awi\u0119tego Jana Paw\u0142a II: \u201eOsi\u0105gniemy pok\u00f3j, wychowuj\u0105c do pokoju! [\u2026] Ko\u015bci\u00f3\u0142 nie przestaje powtarza\u0107: pok\u00f3j jest obowi\u0105zkiem\u201d (z Or\u0119dzia na XXXVII \u015awiatowy Dzie\u0144 Pokoju). W zbli\u017caj\u0105c\u0105 si\u0119 rocznic\u0119 terrorystycznego zamachu na Word Trade Center w Nowym Jorku, [&hellip;]\" \/>\n<meta property=\"og:url\" content=\"https:\/\/parafia-osieczna.pl\/?p=6319\" \/>\n<meta property=\"og:site_name\" content=\"Parafia Niepokalanego Pocz\u0119cia Naj\u015bwi\u0119tszej Maryi Panny w Osiecznej\" \/>\n<meta property=\"article:published_time\" content=\"2026-09-05T09:47:02+00:00\" \/>\n<meta property=\"article:modified_time\" content=\"2026-09-05T09:47:04+00:00\" \/>\n<meta property=\"og:image\" content=\"https:\/\/parafia-osieczna.pl\/wp-content\/uploads\/2023\/08\/Logo-Osieczna-4.png\" \/>\n\t<meta property=\"og:image:width\" content=\"1029\" \/>\n\t<meta property=\"og:image:height\" content=\"1029\" \/>\n\t<meta property=\"og:image:type\" content=\"image\/png\" \/>\n<meta name=\"author\" content=\"Grzegorz Kielas\" \/>\n<meta name=\"twitter:card\" content=\"summary_large_image\" \/>\n<meta name=\"twitter:label1\" content=\"Napisane przez\" \/>\n\t<meta name=\"twitter:data1\" content=\"Grzegorz Kielas\" \/>\n\t<meta name=\"twitter:label2\" content=\"Szacowany czas czytania\" \/>\n\t<meta name=\"twitter:data2\" content=\"3 minuty\" \/>\n<script type=\"application\/ld+json\" class=\"yoast-schema-graph\">{\"@context\":\"https:\\\/\\\/schema.org\",\"@graph\":[{\"@type\":\"Article\",\"@id\":\"https:\\\/\\\/parafia-osieczna.pl\\\/?p=6319#article\",\"isPartOf\":{\"@id\":\"https:\\\/\\\/parafia-osieczna.pl\\\/?p=6319\"},\"author\":{\"name\":\"Grzegorz Kielas\",\"@id\":\"https:\\\/\\\/parafia-osieczna.pl\\\/#\\\/schema\\\/person\\\/4bb90f6872d84c4a549e48fbda6c58d6\"},\"headline\":\"XXIII Niedziela w ci\u0105gu roku \u2013 6 wrze\u015bnia 2026 r.\",\"datePublished\":\"2026-09-05T09:47:02+00:00\",\"dateModified\":\"2026-09-05T09:47:04+00:00\",\"mainEntityOfPage\":{\"@id\":\"https:\\\/\\\/parafia-osieczna.pl\\\/?p=6319\"},\"wordCount\":465,\"image\":{\"@id\":\"https:\\\/\\\/parafia-osieczna.pl\\\/?p=6319#primaryimage\"},\"thumbnailUrl\":\"https:\\\/\\\/parafia-osieczna.pl\\\/wp-content\\\/uploads\\\/2023\\\/08\\\/Logo-Osieczna-4.png\",\"articleSection\":[\"Og\u0142oszenia parafialne\"],\"inLanguage\":\"pl-PL\"},{\"@type\":\"WebPage\",\"@id\":\"https:\\\/\\\/parafia-osieczna.pl\\\/?p=6319\",\"url\":\"https:\\\/\\\/parafia-osieczna.pl\\\/?p=6319\",\"name\":\"XXIII Niedziela w ci\u0105gu roku \u2013 6 wrze\u015bnia 2026 r. - Parafia Niepokalanego Pocz\u0119cia Naj\u015bwi\u0119tszej Maryi Panny w Osiecznej\",\"isPartOf\":{\"@id\":\"https:\\\/\\\/parafia-osieczna.pl\\\/#website\"},\"primaryImageOfPage\":{\"@id\":\"https:\\\/\\\/parafia-osieczna.pl\\\/?p=6319#primaryimage\"},\"image\":{\"@id\":\"https:\\\/\\\/parafia-osieczna.pl\\\/?p=6319#primaryimage\"},\"thumbnailUrl\":\"https:\\\/\\\/parafia-osieczna.pl\\\/wp-content\\\/uploads\\\/2023\\\/08\\\/Logo-Osieczna-4.png\",\"datePublished\":\"2026-09-05T09:47:02+00:00\",\"dateModified\":\"2026-09-05T09:47:04+00:00\",\"author\":{\"@id\":\"https:\\\/\\\/parafia-osieczna.pl\\\/#\\\/schema\\\/person\\\/4bb90f6872d84c4a549e48fbda6c58d6\"},\"breadcrumb\":{\"@id\":\"https:\\\/\\\/parafia-osieczna.pl\\\/?p=6319#breadcrumb\"},\"inLanguage\":\"pl-PL\",\"potentialAction\":[{\"@type\":\"ReadAction\",\"target\":[\"https:\\\/\\\/parafia-osieczna.pl\\\/?p=6319\"]}]},{\"@type\":\"ImageObject\",\"inLanguage\":\"pl-PL\",\"@id\":\"https:\\\/\\\/parafia-osieczna.pl\\\/?p=6319#primaryimage\",\"url\":\"https:\\\/\\\/parafia-osieczna.pl\\\/wp-content\\\/uploads\\\/2023\\\/08\\\/Logo-Osieczna-4.png\",\"contentUrl\":\"https:\\\/\\\/parafia-osieczna.pl\\\/wp-content\\\/uploads\\\/2023\\\/08\\\/Logo-Osieczna-4.png\",\"width\":1029,\"height\":1029},{\"@type\":\"BreadcrumbList\",\"@id\":\"https:\\\/\\\/parafia-osieczna.pl\\\/?p=6319#breadcrumb\",\"itemListElement\":[{\"@type\":\"ListItem\",\"position\":1,\"name\":\"Strona g\u0142\u00f3wna\",\"item\":\"https:\\\/\\\/parafia-osieczna.pl\\\/?page_id=206\"},{\"@type\":\"ListItem\",\"position\":2,\"name\":\"XXIII Niedziela w ci\u0105gu roku \u2013 6 wrze\u015bnia 2026 r.\"}]},{\"@type\":\"WebSite\",\"@id\":\"https:\\\/\\\/parafia-osieczna.pl\\\/#website\",\"url\":\"https:\\\/\\\/parafia-osieczna.pl\\\/\",\"name\":\"Parafia Niepokalanego Pocz\u0119cia Naj\u015bwi\u0119tszej Maryi Panny w Osiecznej\",\"description\":\"\",\"potentialAction\":[{\"@type\":\"SearchAction\",\"target\":{\"@type\":\"EntryPoint\",\"urlTemplate\":\"https:\\\/\\\/parafia-osieczna.pl\\\/?s={search_term_string}\"},\"query-input\":{\"@type\":\"PropertyValueSpecification\",\"valueRequired\":true,\"valueName\":\"search_term_string\"}}],\"inLanguage\":\"pl-PL\"},{\"@type\":\"Person\",\"@id\":\"https:\\\/\\\/parafia-osieczna.pl\\\/#\\\/schema\\\/person\\\/4bb90f6872d84c4a549e48fbda6c58d6\",\"name\":\"Grzegorz Kielas\",\"image\":{\"@type\":\"ImageObject\",\"inLanguage\":\"pl-PL\",\"@id\":\"https:\\\/\\\/secure.gravatar.com\\\/avatar\\\/033b8531a3bfe699d922bd205129822a7e9a0e4c373d517fae719e5e1ef3d15e?s=96&d=mm&r=g\",\"url\":\"https:\\\/\\\/secure.gravatar.com\\\/avatar\\\/033b8531a3bfe699d922bd205129822a7e9a0e4c373d517fae719e5e1ef3d15e?s=96&d=mm&r=g\",\"contentUrl\":\"https:\\\/\\\/secure.gravatar.com\\\/avatar\\\/033b8531a3bfe699d922bd205129822a7e9a0e4c373d517fae719e5e1ef3d15e?s=96&d=mm&r=g\",\"caption\":\"Grzegorz Kielas\"},\"sameAs\":[\"http:\\\/\\\/parafia-osieczna.pl\"],\"url\":\"https:\\\/\\\/parafia-osieczna.pl\\\/?author=7\"}]}<\/script>\n<!-- \/ Yoast SEO plugin. -->","yoast_head_json":{"title":"XXIII Niedziela w ci\u0105gu roku \u2013 6 wrze\u015bnia 2026 r. - Parafia Niepokalanego Pocz\u0119cia Naj\u015bwi\u0119tszej Maryi Panny w Osiecznej","robots":{"index":"index","follow":"follow","max-snippet":"max-snippet:-1","max-image-preview":"max-image-preview:large","max-video-preview":"max-video-preview:-1"},"canonical":"https:\/\/parafia-osieczna.pl\/?p=6319","og_locale":"pl_PL","og_type":"article","og_title":"XXIII Niedziela w ci\u0105gu roku \u2013 6 wrze\u015bnia 2026 r. - Parafia Niepokalanego Pocz\u0119cia Naj\u015bwi\u0119tszej Maryi Panny w Osiecznej","og_description":"l. Od pocz\u0105tku wrze\u015bnia modlimy si\u0119 o pok\u00f3j i dobre wychowanie m\u0142odego pokolenia. Warto wi\u0119c dzi\u015b przypomnie\u0107 s\u0142owa \u015awi\u0119tego Jana Paw\u0142a II: \u201eOsi\u0105gniemy pok\u00f3j, wychowuj\u0105c do pokoju! [\u2026] Ko\u015bci\u00f3\u0142 nie przestaje powtarza\u0107: pok\u00f3j jest obowi\u0105zkiem\u201d (z Or\u0119dzia na XXXVII \u015awiatowy Dzie\u0144 Pokoju). W zbli\u017caj\u0105c\u0105 si\u0119 rocznic\u0119 terrorystycznego zamachu na Word Trade Center w Nowym Jorku, [&hellip;]","og_url":"https:\/\/parafia-osieczna.pl\/?p=6319","og_site_name":"Parafia Niepokalanego Pocz\u0119cia Naj\u015bwi\u0119tszej Maryi Panny w Osiecznej","article_published_time":"2026-09-05T09:47:02+00:00","article_modified_time":"2026-09-05T09:47:04+00:00","og_image":[{"width":1029,"height":1029,"url":"https:\/\/parafia-osieczna.pl\/wp-content\/uploads\/2023\/08\/Logo-Osieczna-4.png","type":"image\/png"}],"author":"Grzegorz Kielas","twitter_card":"summary_large_image","twitter_misc":{"Napisane przez":"Grzegorz Kielas","Szacowany czas czytania":"3 minuty"},"schema":{"@context":"https:\/\/schema.org","@graph":[{"@type":"Article","@id":"https:\/\/parafia-osieczna.pl\/?p=6319#article","isPartOf":{"@id":"https:\/\/parafia-osieczna.pl\/?p=6319"},"author":{"name":"Grzegorz Kielas","@id":"https:\/\/parafia-osieczna.pl\/#\/schema\/person\/4bb90f6872d84c4a549e48fbda6c58d6"},"headline":"XXIII Niedziela w ci\u0105gu roku \u2013 6 wrze\u015bnia 2026 r.","datePublished":"2026-09-05T09:47:02+00:00","dateModified":"2026-09-05T09:47:04+00:00","mainEntityOfPage":{"@id":"https:\/\/parafia-osieczna.pl\/?p=6319"},"wordCount":465,"image":{"@id":"https:\/\/parafia-osieczna.pl\/?p=6319#primaryimage"},"thumbnailUrl":"https:\/\/parafia-osieczna.pl\/wp-content\/uploads\/2023\/08\/Logo-Osieczna-4.png","articleSection":["Og\u0142oszenia parafialne"],"inLanguage":"pl-PL"},{"@type":"WebPage","@id":"https:\/\/parafia-osieczna.pl\/?p=6319","url":"https:\/\/parafia-osieczna.pl\/?p=6319","name":"XXIII Niedziela w ci\u0105gu roku \u2013 6 wrze\u015bnia 2026 r. - Parafia Niepokalanego Pocz\u0119cia Naj\u015bwi\u0119tszej Maryi Panny w Osiecznej","isPartOf":{"@id":"https:\/\/parafia-osieczna.pl\/#website"},"primaryImageOfPage":{"@id":"https:\/\/parafia-osieczna.pl\/?p=6319#primaryimage"},"image":{"@id":"https:\/\/parafia-osieczna.pl\/?p=6319#primaryimage"},"thumbnailUrl":"https:\/\/parafia-osieczna.pl\/wp-content\/uploads\/2023\/08\/Logo-Osieczna-4.png","datePublished":"2026-09-05T09:47:02+00:00","dateModified":"2026-09-05T09:47:04+00:00","author":{"@id":"https:\/\/parafia-osieczna.pl\/#\/schema\/person\/4bb90f6872d84c4a549e48fbda6c58d6"},"breadcrumb":{"@id":"https:\/\/parafia-osieczna.pl\/?p=6319#breadcrumb"},"inLanguage":"pl-PL","potentialAction":[{"@type":"ReadAction","target":["https:\/\/parafia-osieczna.pl\/?p=6319"]}]},{"@type":"ImageObject","inLanguage":"pl-PL","@id":"https:\/\/parafia-osieczna.pl\/?p=6319#primaryimage","url":"https:\/\/parafia-osieczna.pl\/wp-content\/uploads\/2023\/08\/Logo-Osieczna-4.png","contentUrl":"https:\/\/parafia-osieczna.pl\/wp-content\/uploads\/2023\/08\/Logo-Osieczna-4.png","width":1029,"height":1029},{"@type":"BreadcrumbList","@id":"https:\/\/parafia-osieczna.pl\/?p=6319#breadcrumb","itemListElement":[{"@type":"ListItem","position":1,"name":"Strona g\u0142\u00f3wna","item":"https:\/\/parafia-osieczna.pl\/?page_id=206"},{"@type":"ListItem","position":2,"name":"XXIII Niedziela w ci\u0105gu roku \u2013 6 wrze\u015bnia 2026 r."}]},{"@type":"WebSite","@id":"https:\/\/parafia-osieczna.pl\/#website","url":"https:\/\/parafia-osieczna.pl\/","name":"Parafia Niepokalanego Pocz\u0119cia Naj\u015bwi\u0119tszej Maryi Panny w Osiecznej","description":"","potentialAction":[{"@type":"SearchAction","target":{"@type":"EntryPoint","urlTemplate":"https:\/\/parafia-osieczna.pl\/?s={search_term_string}"},"query-input":{"@type":"PropertyValueSpecification","valueRequired":true,"valueName":"search_term_string"}}],"inLanguage":"pl-PL"},{"@type":"Person","@id":"https:\/\/parafia-osieczna.pl\/#\/schema\/person\/4bb90f6872d84c4a549e48fbda6c58d6","name":"Grzegorz Kielas","image":{"@type":"ImageObject","inLanguage":"pl-PL","@id":"https:\/\/secure.gravatar.com\/avatar\/033b8531a3bfe699d922bd205129822a7e9a0e4c373d517fae719e5e1ef3d15e?s=96&d=mm&r=g","url":"https:\/\/secure.gravatar.com\/avatar\/033b8531a3bfe699d922bd205129822a7e9a0e4c373d517fae719e5e1ef3d15e?s=96&d=mm&r=g","contentUrl":"https:\/\/secure.gravatar.com\/avatar\/033b8531a3bfe699d922bd205129822a7e9a0e4c373d517fae719e5e1ef3d15e?s=96&d=mm&r=g","caption":"Grzegorz Kielas"},"sameAs":["http:\/\/parafia-osieczna.pl"],"url":"https:\/\/parafia-osieczna.pl\/?author=7"}]}},"_links":{"self":[{"href":"https:\/\/parafia-osieczna.pl\/index.php?rest_route=\/wp\/v2\/posts\/6319","targetHints":{"allow":["GET"]}}],"collection":[{"href":"https:\/\/parafia-osieczna.pl\/index.php?rest_route=\/wp\/v2\/posts"}],"about":[{"href":"https:\/\/parafia-osieczna.pl\/index.php?rest_route=\/wp\/v2\/types\/post"}],"author":[{"embeddable":true,"href":"https:\/\/parafia-osieczna.pl\/index.php?rest_route=\/wp\/v2\/users\/7"}],"replies":[{"embeddable":true,"href":"https:\/\/parafia-osieczna.pl\/index.php?rest_route=%2Fwp%2Fv2%2Fcomments&post=6319"}],"version-history":[{"count":1,"href":"https:\/\/parafia-osieczna.pl\/index.php?rest_route=\/wp\/v2\/posts\/6319\/revisions"}],"predecessor-version":[{"id":6320,"href":"https:\/\/parafia-osieczna.pl\/index.php?rest_route=\/wp\/v2\/posts\/6319\/revisions\/6320"}],"wp:featuredmedia":[{"embeddable":true,"href":"https:\/\/parafia-osieczna.pl\/index.php?rest_route=\/wp\/v2\/media\/5261"}],"wp:attachment":[{"href":"https:\/\/parafia-osieczna.pl\/index.php?rest_route=%2Fwp%2Fv2%2Fmedia&parent=6319"}],"wp:term":[{"taxonomy":"category","embeddable":true,"href":"https:\/\/parafia-osieczna.pl\/index.php?rest_route=%2Fwp%2Fv2%2Fcategories&post=6319"},{"taxonomy":"post_tag","embeddable":true,"href":"https:\/\/parafia-osieczna.pl\/index.php?rest_route=%2Fwp%2Fv2%2Ftags&post=6319"}],"curies":[{"name":"wp","href":"https:\/\/api.w.org\/{rel}","templated":true}]}}