{"id":6217,"date":"2026-04-25T15:03:36","date_gmt":"2026-04-25T13:03:36","guid":{"rendered":"https:\/\/parafia-osieczna.pl\/?p=6217"},"modified":"2026-04-25T15:03:38","modified_gmt":"2026-04-25T13:03:38","slug":"27-04-2026-r-3-05-2026-r","status":"publish","type":"post","link":"https:\/\/parafia-osieczna.pl\/?p=6217","title":{"rendered":"27.04.2026 r. \u2013 3.05.2026 r."},"content":{"rendered":"\n<p>Poniedzia\u0142ek \u2013 27 kwietnia 2026 r.<\/p>\n\n\n\n<p>Godz. 17.00 \u2013 za \u015bp. Marlen\u0119 Ka\u0142dowsk\u0105 \u2013 int. Zak\u0142adu Pogrzebowego Bemar z \u0141\u0119ga<\/p>\n\n\n\n<p>Godz. 18.00 \u2013 za \u015bp. rodzic\u00f3w: Pelagi\u0119 i Piotra Rekowskich, m\u0119\u017ca: Piotra Borzyszkowskiego i jego rodzic\u00f3w, braci: Stanis\u0142awa, Czes\u0142awa, Henryka i Konrada oraz bratowe: Helen\u0119 i Edyt\u0119<\/p>\n\n\n\n<p>&#8212;&#8212;&#8212;&#8212;&#8212;&#8212;&#8212;&#8212;&#8212;&#8212;&#8212;&#8212;&#8212;&#8212;&#8212;&#8212;&#8212;&#8212;&#8212;&#8212;&#8212;&#8212;&#8212;&#8212;&#8211;<\/p>\n\n\n\n<p>Wtorek \u2013 28 kwietnia 2026 r.<\/p>\n\n\n\n<p>Godz. 18.00 \u2013 za \u015bp. matk\u0119: Bronis\u0142aw\u0119 \u2013 w kolejn\u0105 rocznic\u0119 \u015bmierci, ojca: Wac\u0142awa oraz zmar\u0142ych z rodzin: Krzysztofik i Choroszewskich<\/p>\n\n\n\n<p>&#8212;&#8212;&#8212;&#8212;&#8212;&#8212;&#8212;&#8212;&#8212;&#8212;&#8212;&#8212;&#8212;&#8212;&#8212;&#8212;&#8212;&#8212;&#8212;&#8212;&#8212;&#8212;&#8212;&#8212;&#8211;<\/p>\n\n\n\n<p>\u015aroda \u2013 29 kwietnia 2026 r. \u2013 \u015aw. Katarzyny Siene\u0144skiej, dziewicy i Doktora Ko\u015bcio\u0142a, patronki Europy<\/p>\n\n\n\n<p>Godz. 18.00 \u2013 O dar nieba dla \u015bp. Bronis\u0142awa i Wandy Grzywacz \u2013 w rocznice \u015bmierci oraz Stanis\u0142awa<\/p>\n\n\n\n<p>\u2026\u2026\u2026\u2026\u2026\u2026\u2026\u2026\u2026\u2026\u2026\u2026\u2026\u2026\u2026\u2026\u2026\u2026\u2026\u2026\u2026\u2026\u2026\u2026\u2026<\/p>\n\n\n\n<p>Czwartek \u2013 30 kwietnia 2026 r.<\/p>\n\n\n\n<p>Godz. 15.00 \u2013 Msza \u015bw. \u015blubna<\/p>\n\n\n\n<p>Godz. 18.00 \u2013 Msza \u015bw. wsp\u00f3lna za zmar\u0142ych<\/p>\n\n\n\n<p>&#8212;&#8212;&#8212;&#8212;&#8212;&#8212;&#8212;&#8212;&#8212;&#8212;&#8212;&#8212;&#8212;&#8212;&#8212;&#8212;&#8212;&#8212;&#8212;&#8212;&#8212;&#8212;&#8212;&#8212;&#8211;<\/p>\n\n\n\n<p>Pi\u0105tek \u2013 1 maja 2026 r.<\/p>\n\n\n\n<p>Godz. 18.00 \u2013 Do Naj\u015bwi\u0119tszego Serca Pana Jezusa \u2013 o zgod\u0119 i pok\u00f3j w kraju<\/p>\n\n\n\n<p>&#8212;&#8212;&#8212;&#8212;&#8212;&#8212;&#8212;&#8212;&#8212;&#8212;&#8212;&#8212;&#8212;&#8212;&#8212;&#8212;&#8212;&#8212;&#8212;&#8212;&#8212;&#8212;&#8212;&#8212;&#8211;<\/p>\n\n\n\n<p>Sobota \u2013 2 maja 2026 r. \u2013 <strong>NAJ\u015aWI\u0118TSZEJ MARYI PANNY, KR\u00d3LOWEJ POLSKI<\/strong><\/p>\n\n\n\n<p>Godz. 8.00 \u2013 Do Niepokalanego Serca Maryi \u2013 za wszystkich ofiarodawc\u00f3w i potrzebne \u0142aski dla nich<\/p>\n\n\n\n<p>Godz. 9.30 \u2013 W intencji parafii<\/p>\n\n\n\n<p>Godz. 18.00 \u2013 za \u015bp. ojca: Leona \u2013 w rocznic\u0119 \u015bmierci, mam\u0119: Eleonor\u0119 i szwagra: Kazimierza<\/p>\n\n\n\n<p>&#8212;&#8212;&#8212;&#8212;&#8212;&#8212;&#8212;&#8212;&#8212;&#8212;&#8212;&#8212;&#8212;&#8212;&#8212;&#8212;&#8212;&#8212;&#8212;&#8212;&#8212;&#8212;&#8212;&#8212;&#8211;<\/p>\n\n\n\n<p>Niedziela \u2013 3 maja 2026 r. \u2013 V <strong>Niedziela Wielkanocy<\/strong><\/p>\n\n\n\n<p>Godz. 8.00 \u2013 za \u015bp. ojca: Klemensa \u2013 w 10 rocznic\u0119 \u015bmierci, matk\u0119: Jadwig\u0119 i cioci\u0119: Helen\u0119 \u2013 w dniu urodzin<\/p>\n\n\n\n<p>Godz. 9.30 \u2013 O \u0142ask\u0119 nieba dla \u015bp. braci: Klemensa i Bernarda Wielewickich oraz szwagierek: Jadwigi i Felicji<\/p>\n\n\n\n<p>Godz. 11.00 \u2013 za \u015bp. m\u0119\u017ca: Stanis\u0142awa, ojca: Henryka \u2013 w dniu urodzin, mam\u0119: Maria Glaza, rodzic\u00f3w: Teres\u0119 i Bronis\u0142awa Sarek, Jana Tilsen&nbsp; i krewnych z obojga stron<\/p>\n\n\n\n<p>Godz. 15.00 &#8211; W intencji druhen i druh\u00f3w OSP w Osiecznej i ich rodzin \u2013 z okazji wspomnienia \u015aw. Floriana \u2013 Patrona Stra\u017cak\u00f3w<\/p>\n\n\n\n<p>&#8212;&#8212;&#8212;&#8212;&#8212;&#8212;&#8212;&#8212;&#8212;&#8212;&#8212;&#8212;&#8212;&#8212;&#8212;&#8212;&#8212;&#8212;&#8212;&#8212;&#8212;&#8212;&#8212;&#8212;&#8211;<\/p>\n","protected":false},"excerpt":{"rendered":"<p>Poniedzia\u0142ek \u2013 27 kwietnia 2026 r. Godz. 17.00 \u2013 za \u015bp. Marlen\u0119 Ka\u0142dowsk\u0105 \u2013 int. Zak\u0142adu Pogrzebowego Bemar z \u0141\u0119ga Godz. 18.00 \u2013 za \u015bp. rodzic\u00f3w: Pelagi\u0119 i Piotra Rekowskich, m\u0119\u017ca: Piotra Borzyszkowskiego i jego rodzic\u00f3w, braci: Stanis\u0142awa, Czes\u0142awa, Henryka i Konrada oraz bratowe: Helen\u0119 i Edyt\u0119 &#8212;&#8212;&#8212;&#8212;&#8212;&#8212;&#8212;&#8212;&#8212;&#8212;&#8212;&#8212;&#8212;&#8212;&#8212;&#8212;&#8212;&#8212;&#8212;&#8212;&#8212;&#8212;&#8212;&#8212;&#8211; Wtorek \u2013 28 kwietnia 2026 r. Godz. [&hellip;]<\/p>\n","protected":false},"author":7,"featured_media":5261,"comment_status":"closed","ping_status":"closed","sticky":false,"template":"","format":"standard","meta":{"footnotes":""},"categories":[76],"tags":[],"class_list":["post-6217","post","type-post","status-publish","format-standard","has-post-thumbnail","hentry","category-intencje-mszalne"],"yoast_head":"<!-- This site is optimized with the Yoast SEO plugin v19.7.1 - https:\/\/yoast.com\/wordpress\/plugins\/seo\/ -->\n<title>27.04.2026 r. \u2013 3.05.2026 r. - Parafia Niepokalanego Pocz\u0119cia Naj\u015bwi\u0119tszej Maryi Panny w Osiecznej<\/title>\n<meta name=\"robots\" content=\"index, follow, max-snippet:-1, max-image-preview:large, max-video-preview:-1\" \/>\n<link rel=\"canonical\" href=\"https:\/\/parafia-osieczna.pl\/?p=6217\" \/>\n<meta property=\"og:locale\" content=\"pl_PL\" \/>\n<meta property=\"og:type\" content=\"article\" \/>\n<meta property=\"og:title\" content=\"27.04.2026 r. \u2013 3.05.2026 r. - Parafia Niepokalanego Pocz\u0119cia Naj\u015bwi\u0119tszej Maryi Panny w Osiecznej\" \/>\n<meta property=\"og:description\" content=\"Poniedzia\u0142ek \u2013 27 kwietnia 2026 r. Godz. 17.00 \u2013 za \u015bp. Marlen\u0119 Ka\u0142dowsk\u0105 \u2013 int. Zak\u0142adu Pogrzebowego Bemar z \u0141\u0119ga Godz. 18.00 \u2013 za \u015bp. rodzic\u00f3w: Pelagi\u0119 i Piotra Rekowskich, m\u0119\u017ca: Piotra Borzyszkowskiego i jego rodzic\u00f3w, braci: Stanis\u0142awa, Czes\u0142awa, Henryka i Konrada oraz bratowe: Helen\u0119 i Edyt\u0119 &#8212;&#8212;&#8212;&#8212;&#8212;&#8212;&#8212;&#8212;&#8212;&#8212;&#8212;&#8212;&#8212;&#8212;&#8212;&#8212;&#8212;&#8212;&#8212;&#8212;&#8212;&#8212;&#8212;&#8212;&#8211; Wtorek \u2013 28 kwietnia 2026 r. Godz. [&hellip;]\" \/>\n<meta property=\"og:url\" content=\"https:\/\/parafia-osieczna.pl\/?p=6217\" \/>\n<meta property=\"og:site_name\" content=\"Parafia Niepokalanego Pocz\u0119cia Naj\u015bwi\u0119tszej Maryi Panny w Osiecznej\" \/>\n<meta property=\"article:published_time\" content=\"2026-04-25T13:03:36+00:00\" \/>\n<meta property=\"article:modified_time\" content=\"2026-04-25T13:03:38+00:00\" \/>\n<meta property=\"og:image\" content=\"https:\/\/parafia-osieczna.pl\/wp-content\/uploads\/2023\/08\/Logo-Osieczna-4.png\" \/>\n\t<meta property=\"og:image:width\" content=\"1029\" \/>\n\t<meta property=\"og:image:height\" content=\"1029\" \/>\n\t<meta property=\"og:image:type\" content=\"image\/png\" \/>\n<meta name=\"author\" content=\"Grzegorz Kielas\" \/>\n<meta name=\"twitter:card\" content=\"summary_large_image\" \/>\n<meta name=\"twitter:label1\" content=\"Napisane przez\" \/>\n\t<meta name=\"twitter:data1\" content=\"Grzegorz Kielas\" \/>\n\t<meta name=\"twitter:label2\" content=\"Szacowany czas czytania\" \/>\n\t<meta name=\"twitter:data2\" content=\"2 minuty\" \/>\n<script type=\"application\/ld+json\" class=\"yoast-schema-graph\">{\"@context\":\"https:\/\/schema.org\",\"@graph\":[{\"@type\":\"WebPage\",\"@id\":\"https:\/\/parafia-osieczna.pl\/?p=6217\",\"url\":\"https:\/\/parafia-osieczna.pl\/?p=6217\",\"name\":\"27.04.2026 r. \u2013 3.05.2026 r. - Parafia Niepokalanego Pocz\u0119cia Naj\u015bwi\u0119tszej Maryi Panny w Osiecznej\",\"isPartOf\":{\"@id\":\"https:\/\/parafia-osieczna.pl\/#website\"},\"datePublished\":\"2026-04-25T13:03:36+00:00\",\"dateModified\":\"2026-04-25T13:03:38+00:00\",\"author\":{\"@id\":\"https:\/\/parafia-osieczna.pl\/#\/schema\/person\/4bb90f6872d84c4a549e48fbda6c58d6\"},\"breadcrumb\":{\"@id\":\"https:\/\/parafia-osieczna.pl\/?p=6217#breadcrumb\"},\"inLanguage\":\"pl-PL\",\"potentialAction\":[{\"@type\":\"ReadAction\",\"target\":[\"https:\/\/parafia-osieczna.pl\/?p=6217\"]}]},{\"@type\":\"BreadcrumbList\",\"@id\":\"https:\/\/parafia-osieczna.pl\/?p=6217#breadcrumb\",\"itemListElement\":[{\"@type\":\"ListItem\",\"position\":1,\"name\":\"Strona g\u0142\u00f3wna\",\"item\":\"https:\/\/parafia-osieczna.pl\/?page_id=206\"},{\"@type\":\"ListItem\",\"position\":2,\"name\":\"27.04.2026 r. \u2013 3.05.2026 r.\"}]},{\"@type\":\"WebSite\",\"@id\":\"https:\/\/parafia-osieczna.pl\/#website\",\"url\":\"https:\/\/parafia-osieczna.pl\/\",\"name\":\"Parafia Niepokalanego Pocz\u0119cia Naj\u015bwi\u0119tszej Maryi Panny w Osiecznej\",\"description\":\"\",\"potentialAction\":[{\"@type\":\"SearchAction\",\"target\":{\"@type\":\"EntryPoint\",\"urlTemplate\":\"https:\/\/parafia-osieczna.pl\/?s={search_term_string}\"},\"query-input\":\"required name=search_term_string\"}],\"inLanguage\":\"pl-PL\"},{\"@type\":\"Person\",\"@id\":\"https:\/\/parafia-osieczna.pl\/#\/schema\/person\/4bb90f6872d84c4a549e48fbda6c58d6\",\"name\":\"Grzegorz Kielas\",\"image\":{\"@type\":\"ImageObject\",\"inLanguage\":\"pl-PL\",\"@id\":\"https:\/\/parafia-osieczna.pl\/#\/schema\/person\/image\/\",\"url\":\"https:\/\/secure.gravatar.com\/avatar\/033b8531a3bfe699d922bd205129822a7e9a0e4c373d517fae719e5e1ef3d15e?s=96&d=mm&r=g\",\"contentUrl\":\"https:\/\/secure.gravatar.com\/avatar\/033b8531a3bfe699d922bd205129822a7e9a0e4c373d517fae719e5e1ef3d15e?s=96&d=mm&r=g\",\"caption\":\"Grzegorz Kielas\"},\"sameAs\":[\"http:\/\/parafia-osieczna.pl\"],\"url\":\"https:\/\/parafia-osieczna.pl\/?author=7\"}]}<\/script>\n<!-- \/ Yoast SEO plugin. -->","yoast_head_json":{"title":"27.04.2026 r. \u2013 3.05.2026 r. - Parafia Niepokalanego Pocz\u0119cia Naj\u015bwi\u0119tszej Maryi Panny w Osiecznej","robots":{"index":"index","follow":"follow","max-snippet":"max-snippet:-1","max-image-preview":"max-image-preview:large","max-video-preview":"max-video-preview:-1"},"canonical":"https:\/\/parafia-osieczna.pl\/?p=6217","og_locale":"pl_PL","og_type":"article","og_title":"27.04.2026 r. \u2013 3.05.2026 r. - Parafia Niepokalanego Pocz\u0119cia Naj\u015bwi\u0119tszej Maryi Panny w Osiecznej","og_description":"Poniedzia\u0142ek \u2013 27 kwietnia 2026 r. Godz. 17.00 \u2013 za \u015bp. Marlen\u0119 Ka\u0142dowsk\u0105 \u2013 int. Zak\u0142adu Pogrzebowego Bemar z \u0141\u0119ga Godz. 18.00 \u2013 za \u015bp. rodzic\u00f3w: Pelagi\u0119 i Piotra Rekowskich, m\u0119\u017ca: Piotra Borzyszkowskiego i jego rodzic\u00f3w, braci: Stanis\u0142awa, Czes\u0142awa, Henryka i Konrada oraz bratowe: Helen\u0119 i Edyt\u0119 &#8212;&#8212;&#8212;&#8212;&#8212;&#8212;&#8212;&#8212;&#8212;&#8212;&#8212;&#8212;&#8212;&#8212;&#8212;&#8212;&#8212;&#8212;&#8212;&#8212;&#8212;&#8212;&#8212;&#8212;&#8211; Wtorek \u2013 28 kwietnia 2026 r. Godz. [&hellip;]","og_url":"https:\/\/parafia-osieczna.pl\/?p=6217","og_site_name":"Parafia Niepokalanego Pocz\u0119cia Naj\u015bwi\u0119tszej Maryi Panny w Osiecznej","article_published_time":"2026-04-25T13:03:36+00:00","article_modified_time":"2026-04-25T13:03:38+00:00","og_image":[{"width":1029,"height":1029,"url":"https:\/\/parafia-osieczna.pl\/wp-content\/uploads\/2023\/08\/Logo-Osieczna-4.png","type":"image\/png"}],"author":"Grzegorz Kielas","twitter_card":"summary_large_image","twitter_misc":{"Napisane przez":"Grzegorz Kielas","Szacowany czas czytania":"2 minuty"},"schema":{"@context":"https:\/\/schema.org","@graph":[{"@type":"WebPage","@id":"https:\/\/parafia-osieczna.pl\/?p=6217","url":"https:\/\/parafia-osieczna.pl\/?p=6217","name":"27.04.2026 r. \u2013 3.05.2026 r. - Parafia Niepokalanego Pocz\u0119cia Naj\u015bwi\u0119tszej Maryi Panny w Osiecznej","isPartOf":{"@id":"https:\/\/parafia-osieczna.pl\/#website"},"datePublished":"2026-04-25T13:03:36+00:00","dateModified":"2026-04-25T13:03:38+00:00","author":{"@id":"https:\/\/parafia-osieczna.pl\/#\/schema\/person\/4bb90f6872d84c4a549e48fbda6c58d6"},"breadcrumb":{"@id":"https:\/\/parafia-osieczna.pl\/?p=6217#breadcrumb"},"inLanguage":"pl-PL","potentialAction":[{"@type":"ReadAction","target":["https:\/\/parafia-osieczna.pl\/?p=6217"]}]},{"@type":"BreadcrumbList","@id":"https:\/\/parafia-osieczna.pl\/?p=6217#breadcrumb","itemListElement":[{"@type":"ListItem","position":1,"name":"Strona g\u0142\u00f3wna","item":"https:\/\/parafia-osieczna.pl\/?page_id=206"},{"@type":"ListItem","position":2,"name":"27.04.2026 r. \u2013 3.05.2026 r."}]},{"@type":"WebSite","@id":"https:\/\/parafia-osieczna.pl\/#website","url":"https:\/\/parafia-osieczna.pl\/","name":"Parafia Niepokalanego Pocz\u0119cia Naj\u015bwi\u0119tszej Maryi Panny w Osiecznej","description":"","potentialAction":[{"@type":"SearchAction","target":{"@type":"EntryPoint","urlTemplate":"https:\/\/parafia-osieczna.pl\/?s={search_term_string}"},"query-input":"required name=search_term_string"}],"inLanguage":"pl-PL"},{"@type":"Person","@id":"https:\/\/parafia-osieczna.pl\/#\/schema\/person\/4bb90f6872d84c4a549e48fbda6c58d6","name":"Grzegorz Kielas","image":{"@type":"ImageObject","inLanguage":"pl-PL","@id":"https:\/\/parafia-osieczna.pl\/#\/schema\/person\/image\/","url":"https:\/\/secure.gravatar.com\/avatar\/033b8531a3bfe699d922bd205129822a7e9a0e4c373d517fae719e5e1ef3d15e?s=96&d=mm&r=g","contentUrl":"https:\/\/secure.gravatar.com\/avatar\/033b8531a3bfe699d922bd205129822a7e9a0e4c373d517fae719e5e1ef3d15e?s=96&d=mm&r=g","caption":"Grzegorz Kielas"},"sameAs":["http:\/\/parafia-osieczna.pl"],"url":"https:\/\/parafia-osieczna.pl\/?author=7"}]}},"_links":{"self":[{"href":"https:\/\/parafia-osieczna.pl\/index.php?rest_route=\/wp\/v2\/posts\/6217","targetHints":{"allow":["GET"]}}],"collection":[{"href":"https:\/\/parafia-osieczna.pl\/index.php?rest_route=\/wp\/v2\/posts"}],"about":[{"href":"https:\/\/parafia-osieczna.pl\/index.php?rest_route=\/wp\/v2\/types\/post"}],"author":[{"embeddable":true,"href":"https:\/\/parafia-osieczna.pl\/index.php?rest_route=\/wp\/v2\/users\/7"}],"replies":[{"embeddable":true,"href":"https:\/\/parafia-osieczna.pl\/index.php?rest_route=%2Fwp%2Fv2%2Fcomments&post=6217"}],"version-history":[{"count":1,"href":"https:\/\/parafia-osieczna.pl\/index.php?rest_route=\/wp\/v2\/posts\/6217\/revisions"}],"predecessor-version":[{"id":6218,"href":"https:\/\/parafia-osieczna.pl\/index.php?rest_route=\/wp\/v2\/posts\/6217\/revisions\/6218"}],"wp:featuredmedia":[{"embeddable":true,"href":"https:\/\/parafia-osieczna.pl\/index.php?rest_route=\/wp\/v2\/media\/5261"}],"wp:attachment":[{"href":"https:\/\/parafia-osieczna.pl\/index.php?rest_route=%2Fwp%2Fv2%2Fmedia&parent=6217"}],"wp:term":[{"taxonomy":"category","embeddable":true,"href":"https:\/\/parafia-osieczna.pl\/index.php?rest_route=%2Fwp%2Fv2%2Fcategories&post=6217"},{"taxonomy":"post_tag","embeddable":true,"href":"https:\/\/parafia-osieczna.pl\/index.php?rest_route=%2Fwp%2Fv2%2Ftags&post=6217"}],"curies":[{"name":"wp","href":"https:\/\/api.w.org\/{rel}","templated":true}]}}