{"id":6215,"date":"2026-04-25T15:02:06","date_gmt":"2026-04-25T13:02:06","guid":{"rendered":"https:\/\/parafia-osieczna.pl\/?p=6215"},"modified":"2026-04-25T15:02:09","modified_gmt":"2026-04-25T13:02:09","slug":"iv-niedziela-wielkanocy-26-kwietnia-2026","status":"publish","type":"post","link":"https:\/\/parafia-osieczna.pl\/?p=6215","title":{"rendered":"IV NIEDZIELA WIELKANOCY \u2013 26 kwietnia 2026"},"content":{"rendered":"\n<p>l. Dzisiejsz\u0105 niedziel\u0119 prze\u017cywamy w Ko\u015bciele jako <strong>\u015awiatowy Dzie\u0144 Modlitw o Powo\u0142ania<\/strong>. Rozpoczynaj\u0105 si\u0119 te\u017c Kwartalne dni modlitw o powo\u0142ania do s\u0142u\u017cby w&nbsp;Ko\u015bciele. Musimy prosi\u0107 Jezusa Chrystusa \u2013 Dobrego Pasterza, aby nigdy nie zabrak\u0142o nowych pracownik\u00f3w w&nbsp;winnicy Bo\u017cej. Musimy modli\u0107 si\u0119 o \u015bwi\u0119te i liczne powo\u0142ania kap\u0142a\u0144skie i zakonne, o&nbsp;ludzi gotowych p\u00f3j\u015b\u0107 przemienia\u0107 serca innych, podj\u0105\u0107 trudne zadania wobec wsp\u00f3\u0142czesnego \u015bwiata. Maj\u0105c w\u015br\u00f3d siebie kap\u0142an\u00f3w, mamy dost\u0119p do niewyczerpanych \u0142ask Bo\u017cych p\u0142yn\u0105cych z sakrament\u00f3w \u015bwi\u0119tych.<\/p>\n\n\n\n<p>2. Podczas tego tygodnia b\u0119dziemy szczeg\u00f3lnie prosi\u0107 o powo\u0142ania kap\u0142a\u0144skie i zakonne z&nbsp;naszej wsp\u00f3lnoty parafialnej. Pro\u015bmy o pomoc T\u0119, kt\u00f3ra wiernie i do ko\u0144ca trwa\u0142a przy Chrystusie i przy rodz\u0105cym si\u0119 Ko\u015bciele w Dniu Pi\u0119\u0107dziesi\u0105tnicy. Maryja jest najlepsz\u0105 Matk\u0105 wszystkich kap\u0142an\u00f3w i Wychowawczyni\u0105 powo\u0142a\u0144 kap\u0142a\u0144skich.<\/p>\n\n\n\n<p>3. Rokrocznie w ostatni\u0105 niedziel\u0119 kwietnia z inicjatywy <strong>MIVA Polska<\/strong> tradycyjnie obchodzona jest Og\u00f3lnopolska Niedziela Modlitw za Kierowc\u00f3w. Obserwuj\u0105c codzienno\u015b\u0107, dostrzegamy, jak pilna jest potrzeba modlitwy o bezpieczne poruszanie si\u0119 po drogach i&nbsp;wzajemny szacunek mi\u0119dzy kierowcami.<\/p>\n\n\n\n<p>4. W tym tygodniu, w \u015brod\u0119, 29 kwietnia, przypada \u015bwi\u0119to <strong>\u015awi\u0119tej Katarzyny Siene\u0144skiej<\/strong>, dziewicy. Tak dalece wyr\u00f3\u017cnia\u0142a si\u0119 czynn\u0105 mi\u0142o\u015bci\u0105 do Ko\u015bcio\u0142a Chrystusowego i&nbsp;\u015bwiadectwem o Jego krzy\u017cu, \u017ce nadano jej tytu\u0142 doktora Ko\u015bcio\u0142a. A w 1999 roku \u015awi\u0119ty Jan Pawe\u0142 II ustanowi\u0142 j\u0105 patronk\u0105 Europy. Zapraszam w tym dniu na \u015bwi\u0105teczn\u0105 Msz\u0119 \u015awi\u0119t\u0105 i <strong>Nowenn\u0119 do Matki Bo\u017cej Nieustaj\u0105cej Pomocy<\/strong>, kt\u00f3r\u0105 odprawimy po wieczornej Eucharystii o godz. 18.00.<\/p>\n\n\n\n<p>5. Jednocze\u015bnie w \u015brod\u0119 z inicjatywy Episkopatu Polski nasz\u0105 modlitw\u0105 ogarniemy r\u00f3wnie\u017c wszystkie ofiary nazistowskiego i stalinowskiego terroru, zw\u0142aszcza osoby duchowne i&nbsp;konsekrowane. Tego dnia b\u0119dziemy obchodzili <strong>Dzie\u0144 M\u0119cze\u0144stwa Duchowie\u0144stwa Polskiego<\/strong>, upami\u0119tniaj\u0105cy rocznic\u0119 wyzwolenia obozu koncentracyjnego w Dachau w 1945 roku.<\/p>\n\n\n\n<p>6. W nadchodz\u0105cym tygodniu przypada (czwartek przed pierwszym pi\u0105tkiem miesi\u0105ca) pierwszy pi\u0105tek i pierwsza sobota miesi\u0105ca.<\/p>\n\n\n\n<p>W czwartek (30 kwietnia) zapraszam od godz. 17.30 do 18.00 do naszego ko\u015bcio\u0142a na cotygodniow\u0105 <strong>adoracj\u0119 Pana Jezusa ukrytego w Naj\u015bwi\u0119tszym Sakramencie<\/strong> oraz na wsp\u00f3ln\u0105 modlitw\u0119 za powo\u0142anych i o \u015bwi\u0119te powo\u0142ania do s\u0142u\u017cby Bo\u017cej. W tym czasie okazja do Spowiedzi \u015bw.<\/p>\n\n\n\n<p>W <strong>pierwszy pi\u0105tek<\/strong> (1 maja) b\u0119dzie szczeg\u00f3lna okazja do oddania czci Naj\u015bwi\u0119tszemu Sercu Pana Jezusa oraz do pojednania si\u0119 z Bogiem i&nbsp;bra\u0107mi. Okazja do spowiedzi \u015bwi\u0119tej w naszym ko\u015bciele od godz. 17.30.<\/p>\n\n\n\n<p>&nbsp; Z pos\u0142ug\u0105 sakramentaln\u0105 do chorych i senior\u00f3w naszej parafii udam si\u0119 od godz. 9.00.<\/p>\n\n\n\n<p>&nbsp;&nbsp;Msza \u015awi\u0119ta wynagradzaj\u0105ca Naj\u015bwi\u0119tszemu Sercu Jezusowemu w ko\u015bciele o godz. 18.00.<\/p>\n\n\n\n<p>&nbsp; W <strong>pierwsz\u0105 sobot\u0119<\/strong> (2 maja) oddajemy cze\u015b\u0107 Niepokalanemu Sercu Maryi Panny oraz na specjalne pozwolenie Stolicy Apostolskiej czcimy J\u0105 jako <strong>Kr\u00f3low\u0105 Polski<\/strong>. Podczas liturgii ponowimy Akt oddania Polski pod opiek\u0119 Matki Bo\u017cej.<\/p>\n\n\n\n<p>&nbsp;&nbsp; W t\u0119 przysz\u0142\u0105 sobot\u0119 przypada te\u017c doroczny Dzie\u0144 Polonii oraz Dzie\u0144 Flagi Narodowej. Modlitw\u0105 ogarniemy rodak\u00f3w \u017cyj\u0105cych poza granicami naszej Ojczyzny. Nie zapomnijmy te\u017c o&nbsp;wywieszeniu flag, by w ten spos\u00f3b zademonstrowa\u0107 nasze przywi\u0105zanie do barw narodowych.<\/p>\n\n\n\n<p>&nbsp;&nbsp; Nabo\u017ce\u0144stwo pi\u0119ciu pierwszych sob\u00f3t miesi\u0105ca w&nbsp;naszym ko\u015bciele po Mszy \u015bw. o godz. 8.00.<\/p>\n\n\n\n<p>&nbsp;&nbsp; Msze \u015bw. z uroczysto\u015bci o godz. 8.00 i 9.30. Msza \u015bw. o godz. 18.00 \u2013 z formularza niedzielnego<\/p>\n\n\n\n<p>7. W najbli\u017cszy pi\u0105tek rozpoczniemy maryjny miesi\u0105c \u2013 maj. Codziennie b\u0119dziemy gromadzi\u0107 si\u0119 wok\u00f3\u0142 o\u0142tarza na Eucharystii i na nabo\u017ce\u0144stwie majowym. W szkole Maryi uczmy si\u0119 ca\u0142kowitego oddania Bogu i braciom. W naszym ko\u015bciele <strong>nabo\u017ce\u0144stwo majowe<\/strong> b\u0119dziemy celebrowali codziennie po Mszy \u015bw. o godz. 18.00. Zadbajmy te\u017c o wizerunki Maryi w naszych domach i w przydro\u017cnych kapliczkach. Rodzinnie gromad\u017amy si\u0119 przy nich na \u015bpiewanie Litanii loreta\u0144skiej, pie\u015bni maryjnych, na r\u00f3\u017caniec czy wieczorny Apel Jasnog\u00f3rski.<\/p>\n\n\n\n<p>8. We wspomnienie \u015awi\u0119tego J\u00f3zefa Robotnika, 1 maja, b\u0119dziemy prosili go o wra\u017cliwo\u015b\u0107 sumie\u0144 i \u0142ad moralny w \u017cyciu spo\u0142ecznym. Eucharysti\u0119 tego dnia o godz. 18.00 po\u0142\u0105czymy tak\u017ce z kr\u00f3tkim nabo\u017ce\u0144stwem w intencji bezrobotnych i poszukuj\u0105cych pracy. Poniewa\u017c jest to dzie\u0144 wolny od pracy z racji \u015bwi\u0119ta pa\u0144stwowego, w ten pi\u0105tek mamy dyspens\u0119 od wstrzemi\u0119\u017aliwo\u015bci od pokarm\u00f3w mi\u0119snych.<\/p>\n\n\n\n<p>9. Osobistym modlitwom wszystkich parafian polecam te\u017c <strong>dzieci z naszej wsp\u00f3lnoty<\/strong>, kt\u00f3re przygotowuj\u0105 si\u0119 do przyj\u0119cia pierwszej Komunii \u015awi\u0119tej. Niech ich serca na trwa\u0142e zaprzyja\u017ani\u0105 si\u0119 z Panem Jezusem, aby jak najcz\u0119\u015bciej przyst\u0119powa\u0142y do Eucharystii \u2013 \u017ar\u00f3d\u0142a najwi\u0119kszych \u0142ask. Ju\u017c dzisiaj informuj\u0119, \u017ce w naszej parafii <strong>uroczysto\u015b\u0107 Pierwszej Komunii \u015awi\u0119tej<\/strong> b\u0119dzie mia\u0142a miejsce w niedziel\u0119, 10 maja podczas Mszy \u015awi\u0119tej o godz. 11.00.<\/p>\n\n\n\n<p>10. Podaj\u0119 r\u00f3wnie\u017c do wiadomo\u015bci, \u017ce po ustaleniach nasze <strong>Do\u017cynki Parafialno \u2013 So\u0142eckie <\/strong>odb\u0119d\u0105 si\u0119 w sobot\u0119, 22 sierpnia. O przygotowanie wie\u0144ca do\u017cynkowego poprosz\u0119 mieszka\u0144c\u00f3w Du\u017cego Kr\u00f3wna.<\/p>\n\n\n\n<p>11. Dzi\u0119kuj\u0119 Pa\u0144stwu Urma\u0144skim, Brus, Lory\u0144skim i Panu B\u0142\u0119dzkiemu z ul. Czerskiej za przygotowanie ko\u015bcio\u0142a na dzisiejsz\u0105 niedziel\u0119. W przysz\u0142ym tygodniu o przygotowanie ko\u015bcio\u0142a poprosz\u0119 Pa\u0144stwo Wawszczyk, Szumacher, Ossowskich i Szramka z ul. Czerskiej.<\/p>\n\n\n\n<p>12. Dzisiaj mo\u017cna naby\u0107 nowy numer dwutygodnika diecezjalnego: <strong><em>\u201ePielgrzym\u201d<\/em><\/strong><\/p>\n\n\n\n<p>13. Dobry Pasterz niech prowadzi <strong>solenizant\u00f3w i jubilat\u00f3w<\/strong> tego tygodnia.<\/p>\n\n\n\n<p>14. Zapowiedzi przed\u015blubne:<\/p>\n\n\n\n<p><em>B\u0142a\u017cej Osowski, st. wol., par. Czersk<\/em><\/p>\n\n\n\n<p><em>Aleksandra W\u0142och, st. wol., par. Osieczna&nbsp;&nbsp;&nbsp;&nbsp;&nbsp;&nbsp;&nbsp;&nbsp;&nbsp;&nbsp;&nbsp;&nbsp;&nbsp;&nbsp;&nbsp;&nbsp;&nbsp;&nbsp;&nbsp;&nbsp;&nbsp;&nbsp;&nbsp;&nbsp;&nbsp;&nbsp;&nbsp;&nbsp;&nbsp;&nbsp;&nbsp; &nbsp;&nbsp;&nbsp;&nbsp;&nbsp;&nbsp;&nbsp;&nbsp;&nbsp;&nbsp;&nbsp;&nbsp;&nbsp;&nbsp;&nbsp;&nbsp;&nbsp;&nbsp;&nbsp;&nbsp;&nbsp;( zap. 2 )<\/em><\/p>\n","protected":false},"excerpt":{"rendered":"<p>l. Dzisiejsz\u0105 niedziel\u0119 prze\u017cywamy w Ko\u015bciele jako \u015awiatowy Dzie\u0144 Modlitw o Powo\u0142ania. Rozpoczynaj\u0105 si\u0119 te\u017c Kwartalne dni modlitw o powo\u0142ania do s\u0142u\u017cby w&nbsp;Ko\u015bciele. Musimy prosi\u0107 Jezusa Chrystusa \u2013 Dobrego Pasterza, aby nigdy nie zabrak\u0142o nowych pracownik\u00f3w w&nbsp;winnicy Bo\u017cej. Musimy modli\u0107 si\u0119 o \u015bwi\u0119te i liczne powo\u0142ania kap\u0142a\u0144skie i zakonne, o&nbsp;ludzi gotowych p\u00f3j\u015b\u0107 przemienia\u0107 serca innych, [&hellip;]<\/p>\n","protected":false},"author":7,"featured_media":5261,"comment_status":"closed","ping_status":"closed","sticky":false,"template":"","format":"standard","meta":{"footnotes":""},"categories":[1],"tags":[],"class_list":["post-6215","post","type-post","status-publish","format-standard","has-post-thumbnail","hentry","category-ogloszenia-parafialne"],"yoast_head":"<!-- This site is optimized with the Yoast SEO plugin v19.7.1 - https:\/\/yoast.com\/wordpress\/plugins\/seo\/ -->\n<title>IV NIEDZIELA WIELKANOCY \u2013 26 kwietnia 2026 - Parafia Niepokalanego Pocz\u0119cia Naj\u015bwi\u0119tszej Maryi Panny w Osiecznej<\/title>\n<meta name=\"robots\" content=\"index, follow, max-snippet:-1, max-image-preview:large, max-video-preview:-1\" \/>\n<link rel=\"canonical\" href=\"https:\/\/parafia-osieczna.pl\/?p=6215\" \/>\n<meta property=\"og:locale\" content=\"pl_PL\" \/>\n<meta property=\"og:type\" content=\"article\" \/>\n<meta property=\"og:title\" content=\"IV NIEDZIELA WIELKANOCY \u2013 26 kwietnia 2026 - Parafia Niepokalanego Pocz\u0119cia Naj\u015bwi\u0119tszej Maryi Panny w Osiecznej\" \/>\n<meta property=\"og:description\" content=\"l. Dzisiejsz\u0105 niedziel\u0119 prze\u017cywamy w Ko\u015bciele jako \u015awiatowy Dzie\u0144 Modlitw o Powo\u0142ania. Rozpoczynaj\u0105 si\u0119 te\u017c Kwartalne dni modlitw o powo\u0142ania do s\u0142u\u017cby w&nbsp;Ko\u015bciele. Musimy prosi\u0107 Jezusa Chrystusa \u2013 Dobrego Pasterza, aby nigdy nie zabrak\u0142o nowych pracownik\u00f3w w&nbsp;winnicy Bo\u017cej. Musimy modli\u0107 si\u0119 o \u015bwi\u0119te i liczne powo\u0142ania kap\u0142a\u0144skie i zakonne, o&nbsp;ludzi gotowych p\u00f3j\u015b\u0107 przemienia\u0107 serca innych, [&hellip;]\" \/>\n<meta property=\"og:url\" content=\"https:\/\/parafia-osieczna.pl\/?p=6215\" \/>\n<meta property=\"og:site_name\" content=\"Parafia Niepokalanego Pocz\u0119cia Naj\u015bwi\u0119tszej Maryi Panny w Osiecznej\" \/>\n<meta property=\"article:published_time\" content=\"2026-04-25T13:02:06+00:00\" \/>\n<meta property=\"article:modified_time\" content=\"2026-04-25T13:02:09+00:00\" \/>\n<meta property=\"og:image\" content=\"https:\/\/parafia-osieczna.pl\/wp-content\/uploads\/2023\/08\/Logo-Osieczna-4.png\" \/>\n\t<meta property=\"og:image:width\" content=\"1029\" \/>\n\t<meta property=\"og:image:height\" content=\"1029\" \/>\n\t<meta property=\"og:image:type\" content=\"image\/png\" \/>\n<meta name=\"author\" content=\"Grzegorz Kielas\" \/>\n<meta name=\"twitter:card\" content=\"summary_large_image\" \/>\n<meta name=\"twitter:label1\" content=\"Napisane przez\" \/>\n\t<meta name=\"twitter:data1\" content=\"Grzegorz Kielas\" \/>\n\t<meta name=\"twitter:label2\" content=\"Szacowany czas czytania\" \/>\n\t<meta name=\"twitter:data2\" content=\"5 minut\" \/>\n<script type=\"application\/ld+json\" class=\"yoast-schema-graph\">{\"@context\":\"https:\/\/schema.org\",\"@graph\":[{\"@type\":\"WebPage\",\"@id\":\"https:\/\/parafia-osieczna.pl\/?p=6215\",\"url\":\"https:\/\/parafia-osieczna.pl\/?p=6215\",\"name\":\"IV NIEDZIELA WIELKANOCY \u2013 26 kwietnia 2026 - Parafia Niepokalanego Pocz\u0119cia Naj\u015bwi\u0119tszej Maryi Panny w Osiecznej\",\"isPartOf\":{\"@id\":\"https:\/\/parafia-osieczna.pl\/#website\"},\"datePublished\":\"2026-04-25T13:02:06+00:00\",\"dateModified\":\"2026-04-25T13:02:09+00:00\",\"author\":{\"@id\":\"https:\/\/parafia-osieczna.pl\/#\/schema\/person\/4bb90f6872d84c4a549e48fbda6c58d6\"},\"breadcrumb\":{\"@id\":\"https:\/\/parafia-osieczna.pl\/?p=6215#breadcrumb\"},\"inLanguage\":\"pl-PL\",\"potentialAction\":[{\"@type\":\"ReadAction\",\"target\":[\"https:\/\/parafia-osieczna.pl\/?p=6215\"]}]},{\"@type\":\"BreadcrumbList\",\"@id\":\"https:\/\/parafia-osieczna.pl\/?p=6215#breadcrumb\",\"itemListElement\":[{\"@type\":\"ListItem\",\"position\":1,\"name\":\"Strona g\u0142\u00f3wna\",\"item\":\"https:\/\/parafia-osieczna.pl\/?page_id=206\"},{\"@type\":\"ListItem\",\"position\":2,\"name\":\"IV NIEDZIELA WIELKANOCY \u2013 26 kwietnia 2026\"}]},{\"@type\":\"WebSite\",\"@id\":\"https:\/\/parafia-osieczna.pl\/#website\",\"url\":\"https:\/\/parafia-osieczna.pl\/\",\"name\":\"Parafia Niepokalanego Pocz\u0119cia Naj\u015bwi\u0119tszej Maryi Panny w Osiecznej\",\"description\":\"\",\"potentialAction\":[{\"@type\":\"SearchAction\",\"target\":{\"@type\":\"EntryPoint\",\"urlTemplate\":\"https:\/\/parafia-osieczna.pl\/?s={search_term_string}\"},\"query-input\":\"required name=search_term_string\"}],\"inLanguage\":\"pl-PL\"},{\"@type\":\"Person\",\"@id\":\"https:\/\/parafia-osieczna.pl\/#\/schema\/person\/4bb90f6872d84c4a549e48fbda6c58d6\",\"name\":\"Grzegorz Kielas\",\"image\":{\"@type\":\"ImageObject\",\"inLanguage\":\"pl-PL\",\"@id\":\"https:\/\/parafia-osieczna.pl\/#\/schema\/person\/image\/\",\"url\":\"https:\/\/secure.gravatar.com\/avatar\/033b8531a3bfe699d922bd205129822a7e9a0e4c373d517fae719e5e1ef3d15e?s=96&d=mm&r=g\",\"contentUrl\":\"https:\/\/secure.gravatar.com\/avatar\/033b8531a3bfe699d922bd205129822a7e9a0e4c373d517fae719e5e1ef3d15e?s=96&d=mm&r=g\",\"caption\":\"Grzegorz Kielas\"},\"sameAs\":[\"http:\/\/parafia-osieczna.pl\"],\"url\":\"https:\/\/parafia-osieczna.pl\/?author=7\"}]}<\/script>\n<!-- \/ Yoast SEO plugin. -->","yoast_head_json":{"title":"IV NIEDZIELA WIELKANOCY \u2013 26 kwietnia 2026 - Parafia Niepokalanego Pocz\u0119cia Naj\u015bwi\u0119tszej Maryi Panny w Osiecznej","robots":{"index":"index","follow":"follow","max-snippet":"max-snippet:-1","max-image-preview":"max-image-preview:large","max-video-preview":"max-video-preview:-1"},"canonical":"https:\/\/parafia-osieczna.pl\/?p=6215","og_locale":"pl_PL","og_type":"article","og_title":"IV NIEDZIELA WIELKANOCY \u2013 26 kwietnia 2026 - Parafia Niepokalanego Pocz\u0119cia Naj\u015bwi\u0119tszej Maryi Panny w Osiecznej","og_description":"l. Dzisiejsz\u0105 niedziel\u0119 prze\u017cywamy w Ko\u015bciele jako \u015awiatowy Dzie\u0144 Modlitw o Powo\u0142ania. Rozpoczynaj\u0105 si\u0119 te\u017c Kwartalne dni modlitw o powo\u0142ania do s\u0142u\u017cby w&nbsp;Ko\u015bciele. Musimy prosi\u0107 Jezusa Chrystusa \u2013 Dobrego Pasterza, aby nigdy nie zabrak\u0142o nowych pracownik\u00f3w w&nbsp;winnicy Bo\u017cej. Musimy modli\u0107 si\u0119 o \u015bwi\u0119te i liczne powo\u0142ania kap\u0142a\u0144skie i zakonne, o&nbsp;ludzi gotowych p\u00f3j\u015b\u0107 przemienia\u0107 serca innych, [&hellip;]","og_url":"https:\/\/parafia-osieczna.pl\/?p=6215","og_site_name":"Parafia Niepokalanego Pocz\u0119cia Naj\u015bwi\u0119tszej Maryi Panny w Osiecznej","article_published_time":"2026-04-25T13:02:06+00:00","article_modified_time":"2026-04-25T13:02:09+00:00","og_image":[{"width":1029,"height":1029,"url":"https:\/\/parafia-osieczna.pl\/wp-content\/uploads\/2023\/08\/Logo-Osieczna-4.png","type":"image\/png"}],"author":"Grzegorz Kielas","twitter_card":"summary_large_image","twitter_misc":{"Napisane przez":"Grzegorz Kielas","Szacowany czas czytania":"5 minut"},"schema":{"@context":"https:\/\/schema.org","@graph":[{"@type":"WebPage","@id":"https:\/\/parafia-osieczna.pl\/?p=6215","url":"https:\/\/parafia-osieczna.pl\/?p=6215","name":"IV NIEDZIELA WIELKANOCY \u2013 26 kwietnia 2026 - Parafia Niepokalanego Pocz\u0119cia Naj\u015bwi\u0119tszej Maryi Panny w Osiecznej","isPartOf":{"@id":"https:\/\/parafia-osieczna.pl\/#website"},"datePublished":"2026-04-25T13:02:06+00:00","dateModified":"2026-04-25T13:02:09+00:00","author":{"@id":"https:\/\/parafia-osieczna.pl\/#\/schema\/person\/4bb90f6872d84c4a549e48fbda6c58d6"},"breadcrumb":{"@id":"https:\/\/parafia-osieczna.pl\/?p=6215#breadcrumb"},"inLanguage":"pl-PL","potentialAction":[{"@type":"ReadAction","target":["https:\/\/parafia-osieczna.pl\/?p=6215"]}]},{"@type":"BreadcrumbList","@id":"https:\/\/parafia-osieczna.pl\/?p=6215#breadcrumb","itemListElement":[{"@type":"ListItem","position":1,"name":"Strona g\u0142\u00f3wna","item":"https:\/\/parafia-osieczna.pl\/?page_id=206"},{"@type":"ListItem","position":2,"name":"IV NIEDZIELA WIELKANOCY \u2013 26 kwietnia 2026"}]},{"@type":"WebSite","@id":"https:\/\/parafia-osieczna.pl\/#website","url":"https:\/\/parafia-osieczna.pl\/","name":"Parafia Niepokalanego Pocz\u0119cia Naj\u015bwi\u0119tszej Maryi Panny w Osiecznej","description":"","potentialAction":[{"@type":"SearchAction","target":{"@type":"EntryPoint","urlTemplate":"https:\/\/parafia-osieczna.pl\/?s={search_term_string}"},"query-input":"required name=search_term_string"}],"inLanguage":"pl-PL"},{"@type":"Person","@id":"https:\/\/parafia-osieczna.pl\/#\/schema\/person\/4bb90f6872d84c4a549e48fbda6c58d6","name":"Grzegorz Kielas","image":{"@type":"ImageObject","inLanguage":"pl-PL","@id":"https:\/\/parafia-osieczna.pl\/#\/schema\/person\/image\/","url":"https:\/\/secure.gravatar.com\/avatar\/033b8531a3bfe699d922bd205129822a7e9a0e4c373d517fae719e5e1ef3d15e?s=96&d=mm&r=g","contentUrl":"https:\/\/secure.gravatar.com\/avatar\/033b8531a3bfe699d922bd205129822a7e9a0e4c373d517fae719e5e1ef3d15e?s=96&d=mm&r=g","caption":"Grzegorz Kielas"},"sameAs":["http:\/\/parafia-osieczna.pl"],"url":"https:\/\/parafia-osieczna.pl\/?author=7"}]}},"_links":{"self":[{"href":"https:\/\/parafia-osieczna.pl\/index.php?rest_route=\/wp\/v2\/posts\/6215","targetHints":{"allow":["GET"]}}],"collection":[{"href":"https:\/\/parafia-osieczna.pl\/index.php?rest_route=\/wp\/v2\/posts"}],"about":[{"href":"https:\/\/parafia-osieczna.pl\/index.php?rest_route=\/wp\/v2\/types\/post"}],"author":[{"embeddable":true,"href":"https:\/\/parafia-osieczna.pl\/index.php?rest_route=\/wp\/v2\/users\/7"}],"replies":[{"embeddable":true,"href":"https:\/\/parafia-osieczna.pl\/index.php?rest_route=%2Fwp%2Fv2%2Fcomments&post=6215"}],"version-history":[{"count":1,"href":"https:\/\/parafia-osieczna.pl\/index.php?rest_route=\/wp\/v2\/posts\/6215\/revisions"}],"predecessor-version":[{"id":6216,"href":"https:\/\/parafia-osieczna.pl\/index.php?rest_route=\/wp\/v2\/posts\/6215\/revisions\/6216"}],"wp:featuredmedia":[{"embeddable":true,"href":"https:\/\/parafia-osieczna.pl\/index.php?rest_route=\/wp\/v2\/media\/5261"}],"wp:attachment":[{"href":"https:\/\/parafia-osieczna.pl\/index.php?rest_route=%2Fwp%2Fv2%2Fmedia&parent=6215"}],"wp:term":[{"taxonomy":"category","embeddable":true,"href":"https:\/\/parafia-osieczna.pl\/index.php?rest_route=%2Fwp%2Fv2%2Fcategories&post=6215"},{"taxonomy":"post_tag","embeddable":true,"href":"https:\/\/parafia-osieczna.pl\/index.php?rest_route=%2Fwp%2Fv2%2Ftags&post=6215"}],"curies":[{"name":"wp","href":"https:\/\/api.w.org\/{rel}","templated":true}]}}