{"id":6182,"date":"2026-03-14T14:12:11","date_gmt":"2026-03-14T13:12:11","guid":{"rendered":"https:\/\/parafia-osieczna.pl\/?p=6182"},"modified":"2026-03-14T14:12:13","modified_gmt":"2026-03-14T13:12:13","slug":"iv-niedziela-wielkiego-postu-15-marca-2026","status":"publish","type":"post","link":"https:\/\/parafia-osieczna.pl\/?p=6182","title":{"rendered":"IV NIEDZIELA WIELKIEGO POSTU \u2013 15 marca 2026"},"content":{"rendered":"\n<p>l. Dzisiejsza \u2013 ju\u017c czwarta niedziela Wielkiego Postu \u2013 r\u00f3\u017cni si\u0119 nieco od pozosta\u0142ych. W&nbsp;tradycji Ko\u015bcio\u0142a nazywamy j\u0105 niedziel\u0105 <strong><em>Laetare<\/em><\/strong>, czyli niedziel\u0105 rado\u015bci. Widzimy to nawet w zmianie postnego fioletu na r\u00f3\u017cowy kolor szat liturgicznych. W po\u0142owie Wielkiego Postu Ko\u015bci\u00f3\u0142 wzywa wiernych do rado\u015bci, aby wszyscy podejmuj\u0105cy trud przemiany serca wytrwali w tym nie\u0142atwym codziennym wysi\u0142ku.<\/p>\n\n\n\n<p>2. <strong>Wielki Post<\/strong>, kt\u00f3ry obecnie prze\u017cywamy, to wyj\u0105tkowa okazja do nawr\u00f3cenia, do odnowienia naszej przyja\u017ani z Bogiem. To czas powracania do korzeni wiary i zadziwienia nad tajemnic\u0105 Bo\u017cej mi\u0142o\u015bci, kt\u00f3rej wyrazem jest te\u017c sta\u0142a obecno\u015b\u0107 Pana Jezusa w&nbsp;Eucharystii. Dobrze wykorzystajmy ten czas, aby ugruntowa\u0107 w sobie cz\u0142owieka prawego sumienia i autentycznie zaanga\u017cowanego w budowanie kr\u00f3lestwa Bo\u017cego. Zbawiciel ci\u0105gle nas w tym umacnia, karmi\u0105c nas swoim Cia\u0142em, kt\u00f3re uczyni\u0142 pokarmem na \u017cycie wieczne. Przyst\u0119pujmy cz\u0119sto do sto\u0142u eucharystycznego.<\/p>\n\n\n\n<p>3. W ramach naszego wielkopostnego przygotowania do \u015bwi\u0105t zmartwychwstania Chrystusa b\u0119dziemy uczestniczy\u0107 w <strong>rekolekcjach<\/strong>. W naszej wsp\u00f3lnocie b\u0119d\u0105 mia\u0142y miejsce od najbli\u017cszego poniedzia\u0142ku, 16 do \u015brody 18 marca. Zaplanujmy tak nasze zaj\u0119cia, aby nie zabrak\u0142o nas na spotkaniach rekolekcyjnych. Nauki rekolekcyjne w tych dniach podczas Mszy \u015bw. o godz. 17.00.<\/p>\n\n\n\n<p>&nbsp;&nbsp; Zwyczajem jest, \u017ce w ostatni dzie\u0144 rekolekcji, czyli w \u015brod\u0119, zbierana jest kolekta dla prowadz\u0105cego rekolekcje.<\/p>\n\n\n\n<p>4. W poniedzia\u0142ek, 16 marca rozpoczynaj\u0105 si\u0119 <strong>REKOLEKCJE SZKOLNE<\/strong><strong> <\/strong>dla dzieci i m\u0142odzie\u017cy Zespo\u0142u Szk\u00f3\u0142 Publicznych w Osiecznej, kt\u00f3re potrwaj\u0105 do \u015brody, 18 marca.<\/p>\n\n\n\n<p>&nbsp;&nbsp; Zaj\u0119cia rekolekcyjne odbywa\u0107 si\u0119 b\u0119d\u0105 w te dni o godz. 11.15.<\/p>\n\n\n\n<p>5. W \u015brod\u0119, 18 marca odb\u0119dzie si\u0119 w naszej parafii spowied\u017a z udzia\u0142em ksi\u0119\u017cy dekanatu czerskiego. Zaplanujmy tak swoje zaj\u0119cia, aby skorzysta\u0107 z okazji dope\u0142nienia spowiedzi i komunii \u015bw. wielkanocnej w\u0142a\u015bnie w tym dniu. <strong><u>Okazja do spowiedzi b\u0119dzie<\/u><\/strong>: od godz. 16.15 do 17.00.<\/p>\n\n\n\n<p>6. Zapraszam w czwartek od godz. 16.30 do 17.00 do naszego ko\u015bcio\u0142a na cotygodniow\u0105 adoracj\u0119 Pana Jezusa ukrytego w Naj\u015bwi\u0119tszym Sakramencie. <strong>W tym czasie okazja do Spowiedzi \u015bw<\/strong>.<\/p>\n\n\n\n<p>7. W czwartek, 19 marca, przypada uroczysto\u015b\u0107 <strong>\u015awi\u0119tego J\u00f3zefa, Oblubie\u0144ca Naj\u015bwi\u0119tszej Maryi Panny i Patrona Ko\u015bcio\u0142a<\/strong>. W 1870 roku papie\u017c Pius IX og\u0142osi\u0142 \u015awi\u0119tego J\u00f3zefa patronem Ko\u015bcio\u0142a powszechnego i rodzin chrze\u015bcija\u0144skich. Podczas Mszy \u015awi\u0119tej w naszym ko\u015bciele o godz. 17.00 przez wstawiennictwo Opiekuna Naj\u015bwi\u0119tszej Rodziny b\u0119dziemy si\u0119 modli\u0107 za m\u0119\u017c\u00f3w i ojc\u00f3w z naszej wsp\u00f3lnoty parafialnej i o godne wype\u0142nianie przez nich swojego powo\u0142ania. Kiedy wok\u00f3\u0142 tyle trudno\u015bci, codziennych k\u0142opot\u00f3w, niepewno\u015bci z&nbsp;powodu braku pracy i \u015brodk\u00f3w do godnego \u017cycia, warto zwraca\u0107 si\u0119 o pomoc do \u015awi\u0119tego J\u00f3zefa nie tylko w dniu jego \u015bwi\u0119ta, ale tak\u017ce w ka\u017cdy wtorek szczeg\u00f3lnie jemu po\u015bwi\u0119cony. \u015awi\u0119ty J\u00f3zef jest te\u017c patronem dobrej \u015bmierci. Wed\u0142ug tradycji odszed\u0142 z tego \u015bwiata w&nbsp;ramionach samego Pana Jezusa. Jego wstawiennictwu b\u0119dziemy zatem poleca\u0107 wszystkich konaj\u0105cych.<\/p>\n\n\n\n<p>8. Przypominam, \u017ce w naszym ko\u015bciele w ka\u017cdy pi\u0105tek Wielkiego Postu o godz. 16.30 razem z&nbsp;Chrystusem i Jego bolej\u0105c\u0105 Matk\u0105 przemierzamy <strong>Drog\u0119 krzy\u017cow\u0105<\/strong>, a w niedziele po ka\u017cdej Mszy \u015bw. rozpami\u0119tujemy m\u0119k\u0119 Pana Jezusa podczas <strong>Gorzkich \u017cali<\/strong>. Wszystkich parafian zach\u0119cam do licznego udzia\u0142u w tych wielkopostnych nabo\u017ce\u0144stwach.<\/p>\n\n\n\n<p>9. Ju\u017c dzi\u015b informujemy, <strong>Ekstremalna Droga Krzy\u017cowa<\/strong> tras\u0105 zielon\u0105 \u015bw. Rocha, odb\u0119dzie si\u0119 w pi\u0105tek, 27 marca. Wymarsz nast\u0105pi po Mszy \u015bw. o godz. 17.00 w naszym Ko\u015bciele Parafialnym w Osiecznej.<\/p>\n\n\n\n<p>10. Dzi\u0119kuj\u0119 Pa\u0144stwu Ordon, Wysockim i Kierszk z ul. Dworcowej za przygotowanie ko\u015bcio\u0142a na dzisiejsz\u0105 niedziel\u0119. W przysz\u0142ym tygodniu o przygotowanie ko\u015bcio\u0142a poprosz\u0119 Pa\u0144stwo Laskowskich, Ge\u0142don i Czarnowskich z ul. Dworcowej.<\/p>\n\n\n\n<p>11. Przy stoliku pod ch\u00f3rem mo\u017cna dzi\u015b naby\u0107 nowy numer dwutygodnika diecezjalnego&nbsp; <strong><em>\u201ePielgrzym\u201d<\/em><\/strong>.<\/p>\n\n\n\n<p>12. <strong>Solenizant\u00f3w i jubilat\u00f3w<\/strong> zapewniam o \u017cyczliwo\u015bci i modlitwie.<\/p>\n","protected":false},"excerpt":{"rendered":"<p>l. Dzisiejsza \u2013 ju\u017c czwarta niedziela Wielkiego Postu \u2013 r\u00f3\u017cni si\u0119 nieco od pozosta\u0142ych. W&nbsp;tradycji Ko\u015bcio\u0142a nazywamy j\u0105 niedziel\u0105 Laetare, czyli niedziel\u0105 rado\u015bci. Widzimy to nawet w zmianie postnego fioletu na r\u00f3\u017cowy kolor szat liturgicznych. W po\u0142owie Wielkiego Postu Ko\u015bci\u00f3\u0142 wzywa wiernych do rado\u015bci, aby wszyscy podejmuj\u0105cy trud przemiany serca wytrwali w tym nie\u0142atwym codziennym [&hellip;]<\/p>\n","protected":false},"author":7,"featured_media":5261,"comment_status":"closed","ping_status":"closed","sticky":false,"template":"","format":"standard","meta":{"footnotes":""},"categories":[1],"tags":[],"class_list":["post-6182","post","type-post","status-publish","format-standard","has-post-thumbnail","hentry","category-ogloszenia-parafialne"],"yoast_head":"<!-- This site is optimized with the Yoast SEO plugin v19.7.1 - https:\/\/yoast.com\/wordpress\/plugins\/seo\/ -->\n<title>IV NIEDZIELA WIELKIEGO POSTU \u2013 15 marca 2026 - Parafia Niepokalanego Pocz\u0119cia Naj\u015bwi\u0119tszej Maryi Panny w Osiecznej<\/title>\n<meta name=\"robots\" content=\"index, follow, max-snippet:-1, max-image-preview:large, max-video-preview:-1\" \/>\n<link rel=\"canonical\" href=\"https:\/\/parafia-osieczna.pl\/?p=6182\" \/>\n<meta property=\"og:locale\" content=\"pl_PL\" \/>\n<meta property=\"og:type\" content=\"article\" \/>\n<meta property=\"og:title\" content=\"IV NIEDZIELA WIELKIEGO POSTU \u2013 15 marca 2026 - Parafia Niepokalanego Pocz\u0119cia Naj\u015bwi\u0119tszej Maryi Panny w Osiecznej\" \/>\n<meta property=\"og:description\" content=\"l. Dzisiejsza \u2013 ju\u017c czwarta niedziela Wielkiego Postu \u2013 r\u00f3\u017cni si\u0119 nieco od pozosta\u0142ych. W&nbsp;tradycji Ko\u015bcio\u0142a nazywamy j\u0105 niedziel\u0105 Laetare, czyli niedziel\u0105 rado\u015bci. Widzimy to nawet w zmianie postnego fioletu na r\u00f3\u017cowy kolor szat liturgicznych. W po\u0142owie Wielkiego Postu Ko\u015bci\u00f3\u0142 wzywa wiernych do rado\u015bci, aby wszyscy podejmuj\u0105cy trud przemiany serca wytrwali w tym nie\u0142atwym codziennym [&hellip;]\" \/>\n<meta property=\"og:url\" content=\"https:\/\/parafia-osieczna.pl\/?p=6182\" \/>\n<meta property=\"og:site_name\" content=\"Parafia Niepokalanego Pocz\u0119cia Naj\u015bwi\u0119tszej Maryi Panny w Osiecznej\" \/>\n<meta property=\"article:published_time\" content=\"2026-03-14T13:12:11+00:00\" \/>\n<meta property=\"article:modified_time\" content=\"2026-03-14T13:12:13+00:00\" \/>\n<meta property=\"og:image\" content=\"https:\/\/parafia-osieczna.pl\/wp-content\/uploads\/2023\/08\/Logo-Osieczna-4.png\" \/>\n\t<meta property=\"og:image:width\" content=\"1029\" \/>\n\t<meta property=\"og:image:height\" content=\"1029\" \/>\n\t<meta property=\"og:image:type\" content=\"image\/png\" \/>\n<meta name=\"author\" content=\"Grzegorz Kielas\" \/>\n<meta name=\"twitter:card\" content=\"summary_large_image\" \/>\n<meta name=\"twitter:label1\" content=\"Napisane przez\" \/>\n\t<meta name=\"twitter:data1\" content=\"Grzegorz Kielas\" \/>\n\t<meta name=\"twitter:label2\" content=\"Szacowany czas czytania\" \/>\n\t<meta name=\"twitter:data2\" content=\"4 minuty\" \/>\n<script type=\"application\/ld+json\" class=\"yoast-schema-graph\">{\"@context\":\"https:\/\/schema.org\",\"@graph\":[{\"@type\":\"WebPage\",\"@id\":\"https:\/\/parafia-osieczna.pl\/?p=6182\",\"url\":\"https:\/\/parafia-osieczna.pl\/?p=6182\",\"name\":\"IV NIEDZIELA WIELKIEGO POSTU \u2013 15 marca 2026 - Parafia Niepokalanego Pocz\u0119cia Naj\u015bwi\u0119tszej Maryi Panny w Osiecznej\",\"isPartOf\":{\"@id\":\"https:\/\/parafia-osieczna.pl\/#website\"},\"datePublished\":\"2026-03-14T13:12:11+00:00\",\"dateModified\":\"2026-03-14T13:12:13+00:00\",\"author\":{\"@id\":\"https:\/\/parafia-osieczna.pl\/#\/schema\/person\/4bb90f6872d84c4a549e48fbda6c58d6\"},\"breadcrumb\":{\"@id\":\"https:\/\/parafia-osieczna.pl\/?p=6182#breadcrumb\"},\"inLanguage\":\"pl-PL\",\"potentialAction\":[{\"@type\":\"ReadAction\",\"target\":[\"https:\/\/parafia-osieczna.pl\/?p=6182\"]}]},{\"@type\":\"BreadcrumbList\",\"@id\":\"https:\/\/parafia-osieczna.pl\/?p=6182#breadcrumb\",\"itemListElement\":[{\"@type\":\"ListItem\",\"position\":1,\"name\":\"Strona g\u0142\u00f3wna\",\"item\":\"https:\/\/parafia-osieczna.pl\/?page_id=206\"},{\"@type\":\"ListItem\",\"position\":2,\"name\":\"IV NIEDZIELA WIELKIEGO POSTU \u2013 15 marca 2026\"}]},{\"@type\":\"WebSite\",\"@id\":\"https:\/\/parafia-osieczna.pl\/#website\",\"url\":\"https:\/\/parafia-osieczna.pl\/\",\"name\":\"Parafia Niepokalanego Pocz\u0119cia Naj\u015bwi\u0119tszej Maryi Panny w Osiecznej\",\"description\":\"\",\"potentialAction\":[{\"@type\":\"SearchAction\",\"target\":{\"@type\":\"EntryPoint\",\"urlTemplate\":\"https:\/\/parafia-osieczna.pl\/?s={search_term_string}\"},\"query-input\":\"required name=search_term_string\"}],\"inLanguage\":\"pl-PL\"},{\"@type\":\"Person\",\"@id\":\"https:\/\/parafia-osieczna.pl\/#\/schema\/person\/4bb90f6872d84c4a549e48fbda6c58d6\",\"name\":\"Grzegorz Kielas\",\"image\":{\"@type\":\"ImageObject\",\"inLanguage\":\"pl-PL\",\"@id\":\"https:\/\/parafia-osieczna.pl\/#\/schema\/person\/image\/\",\"url\":\"https:\/\/secure.gravatar.com\/avatar\/033b8531a3bfe699d922bd205129822a7e9a0e4c373d517fae719e5e1ef3d15e?s=96&d=mm&r=g\",\"contentUrl\":\"https:\/\/secure.gravatar.com\/avatar\/033b8531a3bfe699d922bd205129822a7e9a0e4c373d517fae719e5e1ef3d15e?s=96&d=mm&r=g\",\"caption\":\"Grzegorz Kielas\"},\"sameAs\":[\"http:\/\/parafia-osieczna.pl\"],\"url\":\"https:\/\/parafia-osieczna.pl\/?author=7\"}]}<\/script>\n<!-- \/ Yoast SEO plugin. -->","yoast_head_json":{"title":"IV NIEDZIELA WIELKIEGO POSTU \u2013 15 marca 2026 - Parafia Niepokalanego Pocz\u0119cia Naj\u015bwi\u0119tszej Maryi Panny w Osiecznej","robots":{"index":"index","follow":"follow","max-snippet":"max-snippet:-1","max-image-preview":"max-image-preview:large","max-video-preview":"max-video-preview:-1"},"canonical":"https:\/\/parafia-osieczna.pl\/?p=6182","og_locale":"pl_PL","og_type":"article","og_title":"IV NIEDZIELA WIELKIEGO POSTU \u2013 15 marca 2026 - Parafia Niepokalanego Pocz\u0119cia Naj\u015bwi\u0119tszej Maryi Panny w Osiecznej","og_description":"l. Dzisiejsza \u2013 ju\u017c czwarta niedziela Wielkiego Postu \u2013 r\u00f3\u017cni si\u0119 nieco od pozosta\u0142ych. W&nbsp;tradycji Ko\u015bcio\u0142a nazywamy j\u0105 niedziel\u0105 Laetare, czyli niedziel\u0105 rado\u015bci. Widzimy to nawet w zmianie postnego fioletu na r\u00f3\u017cowy kolor szat liturgicznych. W po\u0142owie Wielkiego Postu Ko\u015bci\u00f3\u0142 wzywa wiernych do rado\u015bci, aby wszyscy podejmuj\u0105cy trud przemiany serca wytrwali w tym nie\u0142atwym codziennym [&hellip;]","og_url":"https:\/\/parafia-osieczna.pl\/?p=6182","og_site_name":"Parafia Niepokalanego Pocz\u0119cia Naj\u015bwi\u0119tszej Maryi Panny w Osiecznej","article_published_time":"2026-03-14T13:12:11+00:00","article_modified_time":"2026-03-14T13:12:13+00:00","og_image":[{"width":1029,"height":1029,"url":"https:\/\/parafia-osieczna.pl\/wp-content\/uploads\/2023\/08\/Logo-Osieczna-4.png","type":"image\/png"}],"author":"Grzegorz Kielas","twitter_card":"summary_large_image","twitter_misc":{"Napisane przez":"Grzegorz Kielas","Szacowany czas czytania":"4 minuty"},"schema":{"@context":"https:\/\/schema.org","@graph":[{"@type":"WebPage","@id":"https:\/\/parafia-osieczna.pl\/?p=6182","url":"https:\/\/parafia-osieczna.pl\/?p=6182","name":"IV NIEDZIELA WIELKIEGO POSTU \u2013 15 marca 2026 - Parafia Niepokalanego Pocz\u0119cia Naj\u015bwi\u0119tszej Maryi Panny w Osiecznej","isPartOf":{"@id":"https:\/\/parafia-osieczna.pl\/#website"},"datePublished":"2026-03-14T13:12:11+00:00","dateModified":"2026-03-14T13:12:13+00:00","author":{"@id":"https:\/\/parafia-osieczna.pl\/#\/schema\/person\/4bb90f6872d84c4a549e48fbda6c58d6"},"breadcrumb":{"@id":"https:\/\/parafia-osieczna.pl\/?p=6182#breadcrumb"},"inLanguage":"pl-PL","potentialAction":[{"@type":"ReadAction","target":["https:\/\/parafia-osieczna.pl\/?p=6182"]}]},{"@type":"BreadcrumbList","@id":"https:\/\/parafia-osieczna.pl\/?p=6182#breadcrumb","itemListElement":[{"@type":"ListItem","position":1,"name":"Strona g\u0142\u00f3wna","item":"https:\/\/parafia-osieczna.pl\/?page_id=206"},{"@type":"ListItem","position":2,"name":"IV NIEDZIELA WIELKIEGO POSTU \u2013 15 marca 2026"}]},{"@type":"WebSite","@id":"https:\/\/parafia-osieczna.pl\/#website","url":"https:\/\/parafia-osieczna.pl\/","name":"Parafia Niepokalanego Pocz\u0119cia Naj\u015bwi\u0119tszej Maryi Panny w Osiecznej","description":"","potentialAction":[{"@type":"SearchAction","target":{"@type":"EntryPoint","urlTemplate":"https:\/\/parafia-osieczna.pl\/?s={search_term_string}"},"query-input":"required name=search_term_string"}],"inLanguage":"pl-PL"},{"@type":"Person","@id":"https:\/\/parafia-osieczna.pl\/#\/schema\/person\/4bb90f6872d84c4a549e48fbda6c58d6","name":"Grzegorz Kielas","image":{"@type":"ImageObject","inLanguage":"pl-PL","@id":"https:\/\/parafia-osieczna.pl\/#\/schema\/person\/image\/","url":"https:\/\/secure.gravatar.com\/avatar\/033b8531a3bfe699d922bd205129822a7e9a0e4c373d517fae719e5e1ef3d15e?s=96&d=mm&r=g","contentUrl":"https:\/\/secure.gravatar.com\/avatar\/033b8531a3bfe699d922bd205129822a7e9a0e4c373d517fae719e5e1ef3d15e?s=96&d=mm&r=g","caption":"Grzegorz Kielas"},"sameAs":["http:\/\/parafia-osieczna.pl"],"url":"https:\/\/parafia-osieczna.pl\/?author=7"}]}},"_links":{"self":[{"href":"https:\/\/parafia-osieczna.pl\/index.php?rest_route=\/wp\/v2\/posts\/6182","targetHints":{"allow":["GET"]}}],"collection":[{"href":"https:\/\/parafia-osieczna.pl\/index.php?rest_route=\/wp\/v2\/posts"}],"about":[{"href":"https:\/\/parafia-osieczna.pl\/index.php?rest_route=\/wp\/v2\/types\/post"}],"author":[{"embeddable":true,"href":"https:\/\/parafia-osieczna.pl\/index.php?rest_route=\/wp\/v2\/users\/7"}],"replies":[{"embeddable":true,"href":"https:\/\/parafia-osieczna.pl\/index.php?rest_route=%2Fwp%2Fv2%2Fcomments&post=6182"}],"version-history":[{"count":1,"href":"https:\/\/parafia-osieczna.pl\/index.php?rest_route=\/wp\/v2\/posts\/6182\/revisions"}],"predecessor-version":[{"id":6183,"href":"https:\/\/parafia-osieczna.pl\/index.php?rest_route=\/wp\/v2\/posts\/6182\/revisions\/6183"}],"wp:featuredmedia":[{"embeddable":true,"href":"https:\/\/parafia-osieczna.pl\/index.php?rest_route=\/wp\/v2\/media\/5261"}],"wp:attachment":[{"href":"https:\/\/parafia-osieczna.pl\/index.php?rest_route=%2Fwp%2Fv2%2Fmedia&parent=6182"}],"wp:term":[{"taxonomy":"category","embeddable":true,"href":"https:\/\/parafia-osieczna.pl\/index.php?rest_route=%2Fwp%2Fv2%2Fcategories&post=6182"},{"taxonomy":"post_tag","embeddable":true,"href":"https:\/\/parafia-osieczna.pl\/index.php?rest_route=%2Fwp%2Fv2%2Ftags&post=6182"}],"curies":[{"name":"wp","href":"https:\/\/api.w.org\/{rel}","templated":true}]}}