{"id":6178,"date":"2026-03-07T12:39:25","date_gmt":"2026-03-07T11:39:25","guid":{"rendered":"https:\/\/parafia-osieczna.pl\/?p=6178"},"modified":"2026-03-07T12:39:27","modified_gmt":"2026-03-07T11:39:27","slug":"9-03-2026-r-15-03-2026-r","status":"publish","type":"post","link":"https:\/\/parafia-osieczna.pl\/?p=6178","title":{"rendered":"9.03.2026 r. \u2013 15.03.2026 r."},"content":{"rendered":"\n<p>Poniedzia\u0142ek&nbsp; \u2013 9 marca 2026 r.<\/p>\n\n\n\n<p>Godz. 17.00 \u2013 za \u015bp. matk\u0119: Agnieszk\u0119 Wysock\u0105 \u2013 w rocznic\u0119 \u015bmierci i ojca: Bernarda<\/p>\n\n\n\n<p>&#8212;&#8212;&#8212;&#8212;&#8212;&#8212;&#8212;&#8212;&#8212;&#8212;&#8212;&#8212;&#8212;&#8212;&#8212;&#8212;&#8212;&#8212;&#8212;&#8212;&#8212;&#8212;&#8212;&#8212;&#8211;<\/p>\n\n\n\n<p>Wtorek \u2013 10 marca 2026 r.<\/p>\n\n\n\n<p>Godz. 17.00 \u2013 za \u015bp. rodzic\u00f3w z obojga stron Platta i Janikowskich<\/p>\n\n\n\n<p>&#8212;&#8212;&#8212;&#8212;&#8212;&#8212;&#8212;&#8212;&#8212;&#8212;&#8212;&#8212;&#8212;&#8212;&#8212;&#8212;&#8212;&#8212;&#8212;&#8212;&#8212;&#8212;&#8212;&#8212;&#8211;<\/p>\n\n\n\n<p>\u015aroda \u2013 11 marca 2026 r.<\/p>\n\n\n\n<p>Godz. 17.00 \u2013 za \u015bp. tat\u0119: Patrycjusza, mam\u0119: Cecyli\u0119, dziadk\u00f3w z obojga stron Eufemi\u0119 i Brunona<\/p>\n\n\n\n<p>\u2026\u2026\u2026\u2026\u2026\u2026\u2026\u2026\u2026\u2026\u2026\u2026\u2026\u2026\u2026\u2026\u2026\u2026\u2026\u2026\u2026\u2026\u2026\u2026\u2026<\/p>\n\n\n\n<p>Czwartek \u2013 12 marca 2026 r.<\/p>\n\n\n\n<p>Godz. 17.00 \u2013 za \u015bp. Mariann\u0119 i Jerzego Kielas \u2013 w 18 rocznic\u0119 \u015bmierci Marianny oraz zmar\u0142ych z rodzin: Przybylskich i Kielas&nbsp;<\/p>\n\n\n\n<p>&#8212;&#8212;&#8212;&#8212;&#8212;&#8212;&#8212;&#8212;&#8212;&#8212;&#8212;&#8212;&#8212;&#8212;&#8212;&#8212;&#8212;&#8212;&#8212;&#8212;&#8212;&#8212;&#8212;&#8212;&#8211;<\/p>\n\n\n\n<p>Pi\u0105tek \u2013 13 marca 2026 r.<\/p>\n\n\n\n<p>Godz. 17.00 \u2013 za \u015bp. Jadwig\u0119 i Czes\u0142awa Gierszewskich \u2013 w rocznic\u0119 \u015bmierci Jadwigi<\/p>\n\n\n\n<p>&#8212;&#8212;&#8212;&#8212;&#8212;&#8212;&#8212;&#8212;&#8212;&#8212;&#8212;&#8212;&#8212;&#8212;&#8212;&#8212;&#8212;&#8212;&#8212;&#8212;&#8212;&#8212;&#8212;&#8212;&#8211;<\/p>\n\n\n\n<p>Sobota \u2013 14 marca 2026 r.<\/p>\n\n\n\n<p>Godz. 8.00 \u2013 za \u015bp. Marka Wielewickiego \u2013 w 1 rocznic\u0119 \u015bmierci<\/p>\n\n\n\n<p>Godz. 17.00 \u2013 za \u015bp. Benedykt\u0119, Bronis\u0142aw\u0119 i J\u00f3zefa Andrearczyk, braci i siostry z obojga stron<\/p>\n\n\n\n<p>&#8212;&#8212;&#8212;&#8212;&#8212;&#8212;&#8212;&#8212;&#8212;&#8212;&#8212;&#8212;&#8212;&#8212;&#8212;&#8212;&#8212;&#8212;&#8212;&#8212;&#8212;&#8212;&#8212;&#8212;&#8211;<\/p>\n\n\n\n<p>Niedziela \u2013 15 marca 2026 r. \u2013 IV Niedziela Wielkiego Postu<\/p>\n\n\n\n<p>Godz. 8.00 \u2013 za \u015bp. cioci\u0119: Regin\u0119 i wujka: Jana<\/p>\n\n\n\n<p>Godz. 9.30 \u2013 O dar nieba dla \u015bp. Stefanii, Heleny i Alfonsa Weso\u0142owskich<\/p>\n\n\n\n<p>Godz. 11.00 \u2013 za \u015bp. zmar\u0142ych z rodzin: Piesik i Andrearczyk<\/p>\n\n\n\n<p>&#8212;&#8212;&#8212;&#8212;&#8212;&#8212;&#8212;&#8212;&#8212;&#8212;&#8212;&#8212;&#8212;&#8212;&#8212;&#8212;&#8212;&#8212;&#8212;&#8212;&#8212;&#8212;&#8212;&#8212;&#8211;<\/p>\n","protected":false},"excerpt":{"rendered":"<p>Poniedzia\u0142ek&nbsp; \u2013 9 marca 2026 r. Godz. 17.00 \u2013 za \u015bp. matk\u0119: Agnieszk\u0119 Wysock\u0105 \u2013 w rocznic\u0119 \u015bmierci i ojca: Bernarda &#8212;&#8212;&#8212;&#8212;&#8212;&#8212;&#8212;&#8212;&#8212;&#8212;&#8212;&#8212;&#8212;&#8212;&#8212;&#8212;&#8212;&#8212;&#8212;&#8212;&#8212;&#8212;&#8212;&#8212;&#8211; Wtorek \u2013 10 marca 2026 r. Godz. 17.00 \u2013 za \u015bp. rodzic\u00f3w z obojga stron Platta i Janikowskich &#8212;&#8212;&#8212;&#8212;&#8212;&#8212;&#8212;&#8212;&#8212;&#8212;&#8212;&#8212;&#8212;&#8212;&#8212;&#8212;&#8212;&#8212;&#8212;&#8212;&#8212;&#8212;&#8212;&#8212;&#8211; \u015aroda \u2013 11 marca 2026 r. Godz. 17.00 \u2013 za \u015bp. tat\u0119: Patrycjusza, mam\u0119: [&hellip;]<\/p>\n","protected":false},"author":7,"featured_media":5261,"comment_status":"closed","ping_status":"closed","sticky":false,"template":"","format":"standard","meta":{"footnotes":""},"categories":[76],"tags":[],"class_list":["post-6178","post","type-post","status-publish","format-standard","has-post-thumbnail","hentry","category-intencje-mszalne"],"yoast_head":"<!-- This site is optimized with the Yoast SEO plugin v19.7.1 - https:\/\/yoast.com\/wordpress\/plugins\/seo\/ -->\n<title>9.03.2026 r. \u2013 15.03.2026 r. - Parafia Niepokalanego Pocz\u0119cia Naj\u015bwi\u0119tszej Maryi Panny w Osiecznej<\/title>\n<meta name=\"robots\" content=\"index, follow, max-snippet:-1, max-image-preview:large, max-video-preview:-1\" \/>\n<link rel=\"canonical\" href=\"https:\/\/parafia-osieczna.pl\/?p=6178\" \/>\n<meta property=\"og:locale\" content=\"pl_PL\" \/>\n<meta property=\"og:type\" content=\"article\" \/>\n<meta property=\"og:title\" content=\"9.03.2026 r. \u2013 15.03.2026 r. - Parafia Niepokalanego Pocz\u0119cia Naj\u015bwi\u0119tszej Maryi Panny w Osiecznej\" \/>\n<meta property=\"og:description\" content=\"Poniedzia\u0142ek&nbsp; \u2013 9 marca 2026 r. Godz. 17.00 \u2013 za \u015bp. matk\u0119: Agnieszk\u0119 Wysock\u0105 \u2013 w rocznic\u0119 \u015bmierci i ojca: Bernarda &#8212;&#8212;&#8212;&#8212;&#8212;&#8212;&#8212;&#8212;&#8212;&#8212;&#8212;&#8212;&#8212;&#8212;&#8212;&#8212;&#8212;&#8212;&#8212;&#8212;&#8212;&#8212;&#8212;&#8212;&#8211; Wtorek \u2013 10 marca 2026 r. Godz. 17.00 \u2013 za \u015bp. rodzic\u00f3w z obojga stron Platta i Janikowskich &#8212;&#8212;&#8212;&#8212;&#8212;&#8212;&#8212;&#8212;&#8212;&#8212;&#8212;&#8212;&#8212;&#8212;&#8212;&#8212;&#8212;&#8212;&#8212;&#8212;&#8212;&#8212;&#8212;&#8212;&#8211; \u015aroda \u2013 11 marca 2026 r. Godz. 17.00 \u2013 za \u015bp. tat\u0119: Patrycjusza, mam\u0119: [&hellip;]\" \/>\n<meta property=\"og:url\" content=\"https:\/\/parafia-osieczna.pl\/?p=6178\" \/>\n<meta property=\"og:site_name\" content=\"Parafia Niepokalanego Pocz\u0119cia Naj\u015bwi\u0119tszej Maryi Panny w Osiecznej\" \/>\n<meta property=\"article:published_time\" content=\"2026-03-07T11:39:25+00:00\" \/>\n<meta property=\"article:modified_time\" content=\"2026-03-07T11:39:27+00:00\" \/>\n<meta property=\"og:image\" content=\"https:\/\/parafia-osieczna.pl\/wp-content\/uploads\/2023\/08\/Logo-Osieczna-4.png\" \/>\n\t<meta property=\"og:image:width\" content=\"1029\" \/>\n\t<meta property=\"og:image:height\" content=\"1029\" \/>\n\t<meta property=\"og:image:type\" content=\"image\/png\" \/>\n<meta name=\"author\" content=\"Grzegorz Kielas\" \/>\n<meta name=\"twitter:card\" content=\"summary_large_image\" \/>\n<meta name=\"twitter:label1\" content=\"Napisane przez\" \/>\n\t<meta name=\"twitter:data1\" content=\"Grzegorz Kielas\" \/>\n\t<meta name=\"twitter:label2\" content=\"Szacowany czas czytania\" \/>\n\t<meta name=\"twitter:data2\" content=\"1 minuta\" \/>\n<script type=\"application\/ld+json\" class=\"yoast-schema-graph\">{\"@context\":\"https:\/\/schema.org\",\"@graph\":[{\"@type\":\"WebPage\",\"@id\":\"https:\/\/parafia-osieczna.pl\/?p=6178\",\"url\":\"https:\/\/parafia-osieczna.pl\/?p=6178\",\"name\":\"9.03.2026 r. \u2013 15.03.2026 r. - Parafia Niepokalanego Pocz\u0119cia Naj\u015bwi\u0119tszej Maryi Panny w Osiecznej\",\"isPartOf\":{\"@id\":\"https:\/\/parafia-osieczna.pl\/#website\"},\"datePublished\":\"2026-03-07T11:39:25+00:00\",\"dateModified\":\"2026-03-07T11:39:27+00:00\",\"author\":{\"@id\":\"https:\/\/parafia-osieczna.pl\/#\/schema\/person\/4bb90f6872d84c4a549e48fbda6c58d6\"},\"breadcrumb\":{\"@id\":\"https:\/\/parafia-osieczna.pl\/?p=6178#breadcrumb\"},\"inLanguage\":\"pl-PL\",\"potentialAction\":[{\"@type\":\"ReadAction\",\"target\":[\"https:\/\/parafia-osieczna.pl\/?p=6178\"]}]},{\"@type\":\"BreadcrumbList\",\"@id\":\"https:\/\/parafia-osieczna.pl\/?p=6178#breadcrumb\",\"itemListElement\":[{\"@type\":\"ListItem\",\"position\":1,\"name\":\"Strona g\u0142\u00f3wna\",\"item\":\"https:\/\/parafia-osieczna.pl\/?page_id=206\"},{\"@type\":\"ListItem\",\"position\":2,\"name\":\"9.03.2026 r. \u2013 15.03.2026 r.\"}]},{\"@type\":\"WebSite\",\"@id\":\"https:\/\/parafia-osieczna.pl\/#website\",\"url\":\"https:\/\/parafia-osieczna.pl\/\",\"name\":\"Parafia Niepokalanego Pocz\u0119cia Naj\u015bwi\u0119tszej Maryi Panny w Osiecznej\",\"description\":\"\",\"potentialAction\":[{\"@type\":\"SearchAction\",\"target\":{\"@type\":\"EntryPoint\",\"urlTemplate\":\"https:\/\/parafia-osieczna.pl\/?s={search_term_string}\"},\"query-input\":\"required name=search_term_string\"}],\"inLanguage\":\"pl-PL\"},{\"@type\":\"Person\",\"@id\":\"https:\/\/parafia-osieczna.pl\/#\/schema\/person\/4bb90f6872d84c4a549e48fbda6c58d6\",\"name\":\"Grzegorz Kielas\",\"image\":{\"@type\":\"ImageObject\",\"inLanguage\":\"pl-PL\",\"@id\":\"https:\/\/parafia-osieczna.pl\/#\/schema\/person\/image\/\",\"url\":\"https:\/\/secure.gravatar.com\/avatar\/033b8531a3bfe699d922bd205129822a7e9a0e4c373d517fae719e5e1ef3d15e?s=96&d=mm&r=g\",\"contentUrl\":\"https:\/\/secure.gravatar.com\/avatar\/033b8531a3bfe699d922bd205129822a7e9a0e4c373d517fae719e5e1ef3d15e?s=96&d=mm&r=g\",\"caption\":\"Grzegorz Kielas\"},\"sameAs\":[\"http:\/\/parafia-osieczna.pl\"],\"url\":\"https:\/\/parafia-osieczna.pl\/?author=7\"}]}<\/script>\n<!-- \/ Yoast SEO plugin. -->","yoast_head_json":{"title":"9.03.2026 r. \u2013 15.03.2026 r. - Parafia Niepokalanego Pocz\u0119cia Naj\u015bwi\u0119tszej Maryi Panny w Osiecznej","robots":{"index":"index","follow":"follow","max-snippet":"max-snippet:-1","max-image-preview":"max-image-preview:large","max-video-preview":"max-video-preview:-1"},"canonical":"https:\/\/parafia-osieczna.pl\/?p=6178","og_locale":"pl_PL","og_type":"article","og_title":"9.03.2026 r. \u2013 15.03.2026 r. - Parafia Niepokalanego Pocz\u0119cia Naj\u015bwi\u0119tszej Maryi Panny w Osiecznej","og_description":"Poniedzia\u0142ek&nbsp; \u2013 9 marca 2026 r. Godz. 17.00 \u2013 za \u015bp. matk\u0119: Agnieszk\u0119 Wysock\u0105 \u2013 w rocznic\u0119 \u015bmierci i ojca: Bernarda &#8212;&#8212;&#8212;&#8212;&#8212;&#8212;&#8212;&#8212;&#8212;&#8212;&#8212;&#8212;&#8212;&#8212;&#8212;&#8212;&#8212;&#8212;&#8212;&#8212;&#8212;&#8212;&#8212;&#8212;&#8211; Wtorek \u2013 10 marca 2026 r. Godz. 17.00 \u2013 za \u015bp. rodzic\u00f3w z obojga stron Platta i Janikowskich &#8212;&#8212;&#8212;&#8212;&#8212;&#8212;&#8212;&#8212;&#8212;&#8212;&#8212;&#8212;&#8212;&#8212;&#8212;&#8212;&#8212;&#8212;&#8212;&#8212;&#8212;&#8212;&#8212;&#8212;&#8211; \u015aroda \u2013 11 marca 2026 r. Godz. 17.00 \u2013 za \u015bp. tat\u0119: Patrycjusza, mam\u0119: [&hellip;]","og_url":"https:\/\/parafia-osieczna.pl\/?p=6178","og_site_name":"Parafia Niepokalanego Pocz\u0119cia Naj\u015bwi\u0119tszej Maryi Panny w Osiecznej","article_published_time":"2026-03-07T11:39:25+00:00","article_modified_time":"2026-03-07T11:39:27+00:00","og_image":[{"width":1029,"height":1029,"url":"https:\/\/parafia-osieczna.pl\/wp-content\/uploads\/2023\/08\/Logo-Osieczna-4.png","type":"image\/png"}],"author":"Grzegorz Kielas","twitter_card":"summary_large_image","twitter_misc":{"Napisane przez":"Grzegorz Kielas","Szacowany czas czytania":"1 minuta"},"schema":{"@context":"https:\/\/schema.org","@graph":[{"@type":"WebPage","@id":"https:\/\/parafia-osieczna.pl\/?p=6178","url":"https:\/\/parafia-osieczna.pl\/?p=6178","name":"9.03.2026 r. \u2013 15.03.2026 r. - Parafia Niepokalanego Pocz\u0119cia Naj\u015bwi\u0119tszej Maryi Panny w Osiecznej","isPartOf":{"@id":"https:\/\/parafia-osieczna.pl\/#website"},"datePublished":"2026-03-07T11:39:25+00:00","dateModified":"2026-03-07T11:39:27+00:00","author":{"@id":"https:\/\/parafia-osieczna.pl\/#\/schema\/person\/4bb90f6872d84c4a549e48fbda6c58d6"},"breadcrumb":{"@id":"https:\/\/parafia-osieczna.pl\/?p=6178#breadcrumb"},"inLanguage":"pl-PL","potentialAction":[{"@type":"ReadAction","target":["https:\/\/parafia-osieczna.pl\/?p=6178"]}]},{"@type":"BreadcrumbList","@id":"https:\/\/parafia-osieczna.pl\/?p=6178#breadcrumb","itemListElement":[{"@type":"ListItem","position":1,"name":"Strona g\u0142\u00f3wna","item":"https:\/\/parafia-osieczna.pl\/?page_id=206"},{"@type":"ListItem","position":2,"name":"9.03.2026 r. \u2013 15.03.2026 r."}]},{"@type":"WebSite","@id":"https:\/\/parafia-osieczna.pl\/#website","url":"https:\/\/parafia-osieczna.pl\/","name":"Parafia Niepokalanego Pocz\u0119cia Naj\u015bwi\u0119tszej Maryi Panny w Osiecznej","description":"","potentialAction":[{"@type":"SearchAction","target":{"@type":"EntryPoint","urlTemplate":"https:\/\/parafia-osieczna.pl\/?s={search_term_string}"},"query-input":"required name=search_term_string"}],"inLanguage":"pl-PL"},{"@type":"Person","@id":"https:\/\/parafia-osieczna.pl\/#\/schema\/person\/4bb90f6872d84c4a549e48fbda6c58d6","name":"Grzegorz Kielas","image":{"@type":"ImageObject","inLanguage":"pl-PL","@id":"https:\/\/parafia-osieczna.pl\/#\/schema\/person\/image\/","url":"https:\/\/secure.gravatar.com\/avatar\/033b8531a3bfe699d922bd205129822a7e9a0e4c373d517fae719e5e1ef3d15e?s=96&d=mm&r=g","contentUrl":"https:\/\/secure.gravatar.com\/avatar\/033b8531a3bfe699d922bd205129822a7e9a0e4c373d517fae719e5e1ef3d15e?s=96&d=mm&r=g","caption":"Grzegorz Kielas"},"sameAs":["http:\/\/parafia-osieczna.pl"],"url":"https:\/\/parafia-osieczna.pl\/?author=7"}]}},"_links":{"self":[{"href":"https:\/\/parafia-osieczna.pl\/index.php?rest_route=\/wp\/v2\/posts\/6178","targetHints":{"allow":["GET"]}}],"collection":[{"href":"https:\/\/parafia-osieczna.pl\/index.php?rest_route=\/wp\/v2\/posts"}],"about":[{"href":"https:\/\/parafia-osieczna.pl\/index.php?rest_route=\/wp\/v2\/types\/post"}],"author":[{"embeddable":true,"href":"https:\/\/parafia-osieczna.pl\/index.php?rest_route=\/wp\/v2\/users\/7"}],"replies":[{"embeddable":true,"href":"https:\/\/parafia-osieczna.pl\/index.php?rest_route=%2Fwp%2Fv2%2Fcomments&post=6178"}],"version-history":[{"count":1,"href":"https:\/\/parafia-osieczna.pl\/index.php?rest_route=\/wp\/v2\/posts\/6178\/revisions"}],"predecessor-version":[{"id":6179,"href":"https:\/\/parafia-osieczna.pl\/index.php?rest_route=\/wp\/v2\/posts\/6178\/revisions\/6179"}],"wp:featuredmedia":[{"embeddable":true,"href":"https:\/\/parafia-osieczna.pl\/index.php?rest_route=\/wp\/v2\/media\/5261"}],"wp:attachment":[{"href":"https:\/\/parafia-osieczna.pl\/index.php?rest_route=%2Fwp%2Fv2%2Fmedia&parent=6178"}],"wp:term":[{"taxonomy":"category","embeddable":true,"href":"https:\/\/parafia-osieczna.pl\/index.php?rest_route=%2Fwp%2Fv2%2Fcategories&post=6178"},{"taxonomy":"post_tag","embeddable":true,"href":"https:\/\/parafia-osieczna.pl\/index.php?rest_route=%2Fwp%2Fv2%2Ftags&post=6178"}],"curies":[{"name":"wp","href":"https:\/\/api.w.org\/{rel}","templated":true}]}}