{"id":6176,"date":"2026-03-07T12:37:46","date_gmt":"2026-03-07T11:37:46","guid":{"rendered":"https:\/\/parafia-osieczna.pl\/?p=6176"},"modified":"2026-03-07T12:37:47","modified_gmt":"2026-03-07T11:37:47","slug":"iii-niedziela-wielkiego-postu-8-marca-2026","status":"publish","type":"post","link":"https:\/\/parafia-osieczna.pl\/?p=6176","title":{"rendered":"III NIEDZIELA WIELKIEGO POSTU \u2013 8 marca 2026"},"content":{"rendered":"\n<p>l. Dobiegamy ju\u017c po\u0142owy tegorocznego czasu pokuty i nawr\u00f3cenia \u2013 dzisiaj <strong>trzecia niedziela Wielkiego Postu<\/strong>! Baczniej przyjrzyjmy si\u0119 wi\u0119c w tym \u015bwi\u0119tym czasie, jakie owoce wiary wydajemy w codzienno\u015bci. Czy w og\u00f3le nasza wiara przynosi jakiekolwiek owoce? Je\u015bli nie, to jest to dobry czas, aby si\u0119 zmieni\u0107, aby powr\u00f3ci\u0107 do pocz\u0105tku naszej wiary \u2013 do chrztu \u015bwi\u0119tego i przypomnie\u0107 sobie, \u017ce woda chrztu obmy\u0142a nas z grzechu pierworodnego, uczyni\u0142a nas dzie\u0107mi Bo\u017cymi i w\u0142\u0105czy\u0142a do wsp\u00f3lnoty Ko\u015bcio\u0142a. Ale te przywileje poci\u0105gaj\u0105 te\u017c za sob\u0105 obowi\u0105zek dbania o zaszczepion\u0105 w naszych sercach wiar\u0119, rozwijania jej i pog\u0142\u0119biania oraz dzielenia si\u0119 ni\u0105 z innymi. Obecnie trwaj\u0105cy rok duszpasterski ci\u0105gle nam przypomina, \u017ce jeste\u015bmy uczniami Chrystusa i Jego misjonarzami we wsp\u00f3\u0142czesnym \u015bwiecie.<\/p>\n\n\n\n<p>2. Mog\u0105 nam w tym pom\u00f3c wielkopostne pasyjne nabo\u017ce\u0144stwa, do udzia\u0142u w kt\u00f3rych bardzo serdecznie zach\u0119cam:<\/p>\n\n\n\n<p>&#8211; <strong>Droga krzy\u017cowa<\/strong> \u2013 w pi\u0105tek o godz. 16.30;<\/p>\n\n\n\n<p>&#8211; <strong>Gorzkie \u017cale<\/strong>&nbsp; \u2013 w niedziel\u0119 jedna cz\u0119\u015b\u0107 po ka\u017cdej Mszy \u015bw.<\/p>\n\n\n\n<p>Pami\u0119tajmy, \u017ce z tymi nabo\u017ce\u0144stwami s\u0105 zwi\u0105zane odpusty, kt\u00f3re pod zwyk\u0142ymi warunkami mo\u017cemy uzyska\u0107 dla siebie lub dla bliskich zmar\u0142ych!<\/p>\n\n\n\n<p>3. Dzisiaj 8 marca, obchodzimy <strong>Dzie\u0144 Kobiet<\/strong>! Cho\u0107 to \u015bwiecka uroczysto\u015b\u0107, pami\u0119tajmy w&nbsp;modlitwach o wszystkich kobietach, zw\u0142aszcza o tych najbardziej utrudzonych matkach wielodzietnych rodzin, o samotnych pannach i wdowach, o kobietach poni\u017canych i&nbsp;prze\u015bladowanych w wielu cz\u0119\u015bciach \u015bwiata. Wszak kobiety wype\u0142niaj\u0105 szczeg\u00f3ln\u0105 rol\u0119 w&nbsp;\u015bwiecie, w Ko\u015bciele i rodzinie. Polecajmy ich trud i \u017cycie Panu Bogu i Maryi, kt\u00f3ra jest najpi\u0119kniejszym wzorem \u017cony i matki.<\/p>\n\n\n\n<p>4. W \u015brod\u0119 zapraszam na <strong>Nowenn\u0119 do Matki Bo\u017cej Nieustaj\u0105cej Pomocy<\/strong>, kt\u00f3r\u0105 odprawimy po Mszy \u015bw. o godz. 17.00.<\/p>\n\n\n\n<p>5. W Wielkim Po\u015bcie wpatrujmy si\u0119 w Ukrzy\u017cowanego, kt\u00f3ry dla nas z\u0142o\u017cy\u0142 w ofierze swoje \u017cycie, podejmujmy trud dobrowolnego umartwienia, jako wynagrodzenie za grzechy nasze i&nbsp;naszych bli\u017anich. Nie zapominajmy, \u017ce <strong>Wielki Post jest czasem pokuty i modlitwy<\/strong>. Niech go nie zak\u0142\u00f3c\u0105 huczne spotkania czy imprezy rozrywkowe. Kochani rodzice, z wi\u0119ksz\u0105 trosk\u0105 sp\u00f3jrzcie w tym czasie na swoje dzieci. To na Was spoczywa obowi\u0105zek dobrego wychowania m\u0142odego pokolenia.<\/p>\n\n\n\n<p>6. Zapraszam w czwartek od godz. 16.30 do 17.00 do naszego ko\u015bcio\u0142a na cotygodniow\u0105 <strong>adoracj\u0119 Pana Jezusa ukrytego w Naj\u015bwi\u0119tszym Sakramencie<\/strong>. W tym czasie okazja do Spowiedzi \u015bw<em>.<\/em><\/p>\n\n\n\n<p>7. W duchu wielkopostnej solidarno\u015bci wspierajmy w tym czasie dzia\u0142alno\u015b\u0107 charytatywnych instytucji Ko\u015bcio\u0142a, zw\u0142aszcza Caritas, kt\u00f3ra pomaga najubo\u017cszym w ca\u0142ej Polsce oraz biednym Polakom na obczy\u017anie. Niech wszyscy zaznaj\u0105 rado\u015bci \u015bwi\u0105t Zmartwychwstania Pa\u0144skiego, zw\u0142aszcza dzieci, samotni i opuszczeni, zapomniani przez najbli\u017cszych, pozostawieni w\u0142asnemu losowi. Wesprze\u0107 t\u0119 akcj\u0119 mo\u017cna nabywaj\u0105c <strong>Paschaliki Wielkanocne<\/strong>, kt\u00f3re s\u0105 wy\u0142o\u017cone przy o\u0142tarzu Naj\u015bwi\u0119tszego Serca Pana Jezusa. Cena&nbsp; \u2013 10 z\u0142.<\/p>\n\n\n\n<p>8. Czas Wielkiego Postu to tak\u017ce czas, kiedy licznej przyst\u0119pujemy do sakramentu pokuty i&nbsp;pojednania. W naszej \u015bwi\u0105tyni spowied\u017a jest codziennie <strong>15 minut przed ka\u017cd\u0105 Msz\u0105 \u015awi\u0119t\u0105<\/strong>. Spowied\u017a z udzia\u0142em kap\u0142an\u00f3w dekanatu czerskiego w naszej parafii b\u0119dzie w \u015brod\u0119, 18 marca. Pami\u0119tajmy o dobrym przygotowaniu do sakramentalnej spowiedzi i wype\u0142nieniu wszystkich warunk\u00f3w sakramentu pokuty.<\/p>\n\n\n\n<p>9. Dzi\u0119kuj\u0119 Pa\u0144stwu Kotlewskim, Reszczy\u0144skim i Szarmach z Os. Ks. F. Czapli\u0144skiego za przygotowanie ko\u015bcio\u0142a na dzisiejsz\u0105 niedziel\u0119. W przysz\u0142ym tygodniu o przygotowanie ko\u015bcio\u0142a poprosz\u0119 Pa\u0144stwo Ordon, Wysockich i Kierszk z ul. Dworcowej.<\/p>\n\n\n\n<p>10. Wszystkim <strong>solenizantom i jubilatom<\/strong> tego tygodnia \u017cycz\u0119 obfito\u015bci Bo\u017cych dar\u00f3w, rado\u015bci oraz wzrastania w wierze i mi\u0142o\u015bci ku Panu.<\/p>\n","protected":false},"excerpt":{"rendered":"<p>l. Dobiegamy ju\u017c po\u0142owy tegorocznego czasu pokuty i nawr\u00f3cenia \u2013 dzisiaj trzecia niedziela Wielkiego Postu! Baczniej przyjrzyjmy si\u0119 wi\u0119c w tym \u015bwi\u0119tym czasie, jakie owoce wiary wydajemy w codzienno\u015bci. Czy w og\u00f3le nasza wiara przynosi jakiekolwiek owoce? Je\u015bli nie, to jest to dobry czas, aby si\u0119 zmieni\u0107, aby powr\u00f3ci\u0107 do pocz\u0105tku naszej wiary \u2013 do [&hellip;]<\/p>\n","protected":false},"author":7,"featured_media":5261,"comment_status":"closed","ping_status":"closed","sticky":false,"template":"","format":"standard","meta":{"footnotes":""},"categories":[1],"tags":[],"class_list":["post-6176","post","type-post","status-publish","format-standard","has-post-thumbnail","hentry","category-ogloszenia-parafialne"],"yoast_head":"<!-- This site is optimized with the Yoast SEO plugin v19.7.1 - https:\/\/yoast.com\/wordpress\/plugins\/seo\/ -->\n<title>III NIEDZIELA WIELKIEGO POSTU \u2013 8 marca 2026 - Parafia Niepokalanego Pocz\u0119cia Naj\u015bwi\u0119tszej Maryi Panny w Osiecznej<\/title>\n<meta name=\"robots\" content=\"index, follow, max-snippet:-1, max-image-preview:large, max-video-preview:-1\" \/>\n<link rel=\"canonical\" href=\"https:\/\/parafia-osieczna.pl\/?p=6176\" \/>\n<meta property=\"og:locale\" content=\"pl_PL\" \/>\n<meta property=\"og:type\" content=\"article\" \/>\n<meta property=\"og:title\" content=\"III NIEDZIELA WIELKIEGO POSTU \u2013 8 marca 2026 - Parafia Niepokalanego Pocz\u0119cia Naj\u015bwi\u0119tszej Maryi Panny w Osiecznej\" \/>\n<meta property=\"og:description\" content=\"l. Dobiegamy ju\u017c po\u0142owy tegorocznego czasu pokuty i nawr\u00f3cenia \u2013 dzisiaj trzecia niedziela Wielkiego Postu! Baczniej przyjrzyjmy si\u0119 wi\u0119c w tym \u015bwi\u0119tym czasie, jakie owoce wiary wydajemy w codzienno\u015bci. Czy w og\u00f3le nasza wiara przynosi jakiekolwiek owoce? Je\u015bli nie, to jest to dobry czas, aby si\u0119 zmieni\u0107, aby powr\u00f3ci\u0107 do pocz\u0105tku naszej wiary \u2013 do [&hellip;]\" \/>\n<meta property=\"og:url\" content=\"https:\/\/parafia-osieczna.pl\/?p=6176\" \/>\n<meta property=\"og:site_name\" content=\"Parafia Niepokalanego Pocz\u0119cia Naj\u015bwi\u0119tszej Maryi Panny w Osiecznej\" \/>\n<meta property=\"article:published_time\" content=\"2026-03-07T11:37:46+00:00\" \/>\n<meta property=\"article:modified_time\" content=\"2026-03-07T11:37:47+00:00\" \/>\n<meta property=\"og:image\" content=\"https:\/\/parafia-osieczna.pl\/wp-content\/uploads\/2023\/08\/Logo-Osieczna-4.png\" \/>\n\t<meta property=\"og:image:width\" content=\"1029\" \/>\n\t<meta property=\"og:image:height\" content=\"1029\" \/>\n\t<meta property=\"og:image:type\" content=\"image\/png\" \/>\n<meta name=\"author\" content=\"Grzegorz Kielas\" \/>\n<meta name=\"twitter:card\" content=\"summary_large_image\" \/>\n<meta name=\"twitter:label1\" content=\"Napisane przez\" \/>\n\t<meta name=\"twitter:data1\" content=\"Grzegorz Kielas\" \/>\n\t<meta name=\"twitter:label2\" content=\"Szacowany czas czytania\" \/>\n\t<meta name=\"twitter:data2\" content=\"4 minuty\" \/>\n<script type=\"application\/ld+json\" class=\"yoast-schema-graph\">{\"@context\":\"https:\/\/schema.org\",\"@graph\":[{\"@type\":\"WebPage\",\"@id\":\"https:\/\/parafia-osieczna.pl\/?p=6176\",\"url\":\"https:\/\/parafia-osieczna.pl\/?p=6176\",\"name\":\"III NIEDZIELA WIELKIEGO POSTU \u2013 8 marca 2026 - Parafia Niepokalanego Pocz\u0119cia Naj\u015bwi\u0119tszej Maryi Panny w Osiecznej\",\"isPartOf\":{\"@id\":\"https:\/\/parafia-osieczna.pl\/#website\"},\"datePublished\":\"2026-03-07T11:37:46+00:00\",\"dateModified\":\"2026-03-07T11:37:47+00:00\",\"author\":{\"@id\":\"https:\/\/parafia-osieczna.pl\/#\/schema\/person\/4bb90f6872d84c4a549e48fbda6c58d6\"},\"breadcrumb\":{\"@id\":\"https:\/\/parafia-osieczna.pl\/?p=6176#breadcrumb\"},\"inLanguage\":\"pl-PL\",\"potentialAction\":[{\"@type\":\"ReadAction\",\"target\":[\"https:\/\/parafia-osieczna.pl\/?p=6176\"]}]},{\"@type\":\"BreadcrumbList\",\"@id\":\"https:\/\/parafia-osieczna.pl\/?p=6176#breadcrumb\",\"itemListElement\":[{\"@type\":\"ListItem\",\"position\":1,\"name\":\"Strona g\u0142\u00f3wna\",\"item\":\"https:\/\/parafia-osieczna.pl\/?page_id=206\"},{\"@type\":\"ListItem\",\"position\":2,\"name\":\"III NIEDZIELA WIELKIEGO POSTU \u2013 8 marca 2026\"}]},{\"@type\":\"WebSite\",\"@id\":\"https:\/\/parafia-osieczna.pl\/#website\",\"url\":\"https:\/\/parafia-osieczna.pl\/\",\"name\":\"Parafia Niepokalanego Pocz\u0119cia Naj\u015bwi\u0119tszej Maryi Panny w Osiecznej\",\"description\":\"\",\"potentialAction\":[{\"@type\":\"SearchAction\",\"target\":{\"@type\":\"EntryPoint\",\"urlTemplate\":\"https:\/\/parafia-osieczna.pl\/?s={search_term_string}\"},\"query-input\":\"required name=search_term_string\"}],\"inLanguage\":\"pl-PL\"},{\"@type\":\"Person\",\"@id\":\"https:\/\/parafia-osieczna.pl\/#\/schema\/person\/4bb90f6872d84c4a549e48fbda6c58d6\",\"name\":\"Grzegorz Kielas\",\"image\":{\"@type\":\"ImageObject\",\"inLanguage\":\"pl-PL\",\"@id\":\"https:\/\/parafia-osieczna.pl\/#\/schema\/person\/image\/\",\"url\":\"https:\/\/secure.gravatar.com\/avatar\/033b8531a3bfe699d922bd205129822a7e9a0e4c373d517fae719e5e1ef3d15e?s=96&d=mm&r=g\",\"contentUrl\":\"https:\/\/secure.gravatar.com\/avatar\/033b8531a3bfe699d922bd205129822a7e9a0e4c373d517fae719e5e1ef3d15e?s=96&d=mm&r=g\",\"caption\":\"Grzegorz Kielas\"},\"sameAs\":[\"http:\/\/parafia-osieczna.pl\"],\"url\":\"https:\/\/parafia-osieczna.pl\/?author=7\"}]}<\/script>\n<!-- \/ Yoast SEO plugin. -->","yoast_head_json":{"title":"III NIEDZIELA WIELKIEGO POSTU \u2013 8 marca 2026 - Parafia Niepokalanego Pocz\u0119cia Naj\u015bwi\u0119tszej Maryi Panny w Osiecznej","robots":{"index":"index","follow":"follow","max-snippet":"max-snippet:-1","max-image-preview":"max-image-preview:large","max-video-preview":"max-video-preview:-1"},"canonical":"https:\/\/parafia-osieczna.pl\/?p=6176","og_locale":"pl_PL","og_type":"article","og_title":"III NIEDZIELA WIELKIEGO POSTU \u2013 8 marca 2026 - Parafia Niepokalanego Pocz\u0119cia Naj\u015bwi\u0119tszej Maryi Panny w Osiecznej","og_description":"l. Dobiegamy ju\u017c po\u0142owy tegorocznego czasu pokuty i nawr\u00f3cenia \u2013 dzisiaj trzecia niedziela Wielkiego Postu! Baczniej przyjrzyjmy si\u0119 wi\u0119c w tym \u015bwi\u0119tym czasie, jakie owoce wiary wydajemy w codzienno\u015bci. Czy w og\u00f3le nasza wiara przynosi jakiekolwiek owoce? Je\u015bli nie, to jest to dobry czas, aby si\u0119 zmieni\u0107, aby powr\u00f3ci\u0107 do pocz\u0105tku naszej wiary \u2013 do [&hellip;]","og_url":"https:\/\/parafia-osieczna.pl\/?p=6176","og_site_name":"Parafia Niepokalanego Pocz\u0119cia Naj\u015bwi\u0119tszej Maryi Panny w Osiecznej","article_published_time":"2026-03-07T11:37:46+00:00","article_modified_time":"2026-03-07T11:37:47+00:00","og_image":[{"width":1029,"height":1029,"url":"https:\/\/parafia-osieczna.pl\/wp-content\/uploads\/2023\/08\/Logo-Osieczna-4.png","type":"image\/png"}],"author":"Grzegorz Kielas","twitter_card":"summary_large_image","twitter_misc":{"Napisane przez":"Grzegorz Kielas","Szacowany czas czytania":"4 minuty"},"schema":{"@context":"https:\/\/schema.org","@graph":[{"@type":"WebPage","@id":"https:\/\/parafia-osieczna.pl\/?p=6176","url":"https:\/\/parafia-osieczna.pl\/?p=6176","name":"III NIEDZIELA WIELKIEGO POSTU \u2013 8 marca 2026 - Parafia Niepokalanego Pocz\u0119cia Naj\u015bwi\u0119tszej Maryi Panny w Osiecznej","isPartOf":{"@id":"https:\/\/parafia-osieczna.pl\/#website"},"datePublished":"2026-03-07T11:37:46+00:00","dateModified":"2026-03-07T11:37:47+00:00","author":{"@id":"https:\/\/parafia-osieczna.pl\/#\/schema\/person\/4bb90f6872d84c4a549e48fbda6c58d6"},"breadcrumb":{"@id":"https:\/\/parafia-osieczna.pl\/?p=6176#breadcrumb"},"inLanguage":"pl-PL","potentialAction":[{"@type":"ReadAction","target":["https:\/\/parafia-osieczna.pl\/?p=6176"]}]},{"@type":"BreadcrumbList","@id":"https:\/\/parafia-osieczna.pl\/?p=6176#breadcrumb","itemListElement":[{"@type":"ListItem","position":1,"name":"Strona g\u0142\u00f3wna","item":"https:\/\/parafia-osieczna.pl\/?page_id=206"},{"@type":"ListItem","position":2,"name":"III NIEDZIELA WIELKIEGO POSTU \u2013 8 marca 2026"}]},{"@type":"WebSite","@id":"https:\/\/parafia-osieczna.pl\/#website","url":"https:\/\/parafia-osieczna.pl\/","name":"Parafia Niepokalanego Pocz\u0119cia Naj\u015bwi\u0119tszej Maryi Panny w Osiecznej","description":"","potentialAction":[{"@type":"SearchAction","target":{"@type":"EntryPoint","urlTemplate":"https:\/\/parafia-osieczna.pl\/?s={search_term_string}"},"query-input":"required name=search_term_string"}],"inLanguage":"pl-PL"},{"@type":"Person","@id":"https:\/\/parafia-osieczna.pl\/#\/schema\/person\/4bb90f6872d84c4a549e48fbda6c58d6","name":"Grzegorz Kielas","image":{"@type":"ImageObject","inLanguage":"pl-PL","@id":"https:\/\/parafia-osieczna.pl\/#\/schema\/person\/image\/","url":"https:\/\/secure.gravatar.com\/avatar\/033b8531a3bfe699d922bd205129822a7e9a0e4c373d517fae719e5e1ef3d15e?s=96&d=mm&r=g","contentUrl":"https:\/\/secure.gravatar.com\/avatar\/033b8531a3bfe699d922bd205129822a7e9a0e4c373d517fae719e5e1ef3d15e?s=96&d=mm&r=g","caption":"Grzegorz Kielas"},"sameAs":["http:\/\/parafia-osieczna.pl"],"url":"https:\/\/parafia-osieczna.pl\/?author=7"}]}},"_links":{"self":[{"href":"https:\/\/parafia-osieczna.pl\/index.php?rest_route=\/wp\/v2\/posts\/6176","targetHints":{"allow":["GET"]}}],"collection":[{"href":"https:\/\/parafia-osieczna.pl\/index.php?rest_route=\/wp\/v2\/posts"}],"about":[{"href":"https:\/\/parafia-osieczna.pl\/index.php?rest_route=\/wp\/v2\/types\/post"}],"author":[{"embeddable":true,"href":"https:\/\/parafia-osieczna.pl\/index.php?rest_route=\/wp\/v2\/users\/7"}],"replies":[{"embeddable":true,"href":"https:\/\/parafia-osieczna.pl\/index.php?rest_route=%2Fwp%2Fv2%2Fcomments&post=6176"}],"version-history":[{"count":1,"href":"https:\/\/parafia-osieczna.pl\/index.php?rest_route=\/wp\/v2\/posts\/6176\/revisions"}],"predecessor-version":[{"id":6177,"href":"https:\/\/parafia-osieczna.pl\/index.php?rest_route=\/wp\/v2\/posts\/6176\/revisions\/6177"}],"wp:featuredmedia":[{"embeddable":true,"href":"https:\/\/parafia-osieczna.pl\/index.php?rest_route=\/wp\/v2\/media\/5261"}],"wp:attachment":[{"href":"https:\/\/parafia-osieczna.pl\/index.php?rest_route=%2Fwp%2Fv2%2Fmedia&parent=6176"}],"wp:term":[{"taxonomy":"category","embeddable":true,"href":"https:\/\/parafia-osieczna.pl\/index.php?rest_route=%2Fwp%2Fv2%2Fcategories&post=6176"},{"taxonomy":"post_tag","embeddable":true,"href":"https:\/\/parafia-osieczna.pl\/index.php?rest_route=%2Fwp%2Fv2%2Ftags&post=6176"}],"curies":[{"name":"wp","href":"https:\/\/api.w.org\/{rel}","templated":true}]}}