{"id":6173,"date":"2026-02-28T14:33:02","date_gmt":"2026-02-28T13:33:02","guid":{"rendered":"https:\/\/parafia-osieczna.pl\/?p=6173"},"modified":"2026-02-28T14:33:03","modified_gmt":"2026-02-28T13:33:03","slug":"2-03-2026-r-8-03-2026-r","status":"publish","type":"post","link":"https:\/\/parafia-osieczna.pl\/?p=6173","title":{"rendered":"2.03.2026 r. \u2013 8.03.2026 r."},"content":{"rendered":"\n<p>Poniedzia\u0142ek &nbsp;\u2013 2 marca 2026 r.<\/p>\n\n\n\n<p>Godz. 17.00 \u2013 za \u015bp. m\u0119\u017ca: Eugeniusza, rodzic\u00f3w, brata: Miros\u0142awa, te\u015bci\u00f3w i dziadk\u00f3w z obojga stron<\/p>\n\n\n\n<p>&#8212;&#8212;&#8212;&#8212;&#8212;&#8212;&#8212;&#8212;&#8212;&#8212;&#8212;&#8212;&#8212;&#8212;&#8212;&#8212;&#8212;&#8212;&#8212;&#8212;&#8212;&#8212;&#8212;&#8212;&#8211;<\/p>\n\n\n\n<p>Wtorek \u2013 3 marca 2026 r.<\/p>\n\n\n\n<p>Godz. 9.00 \u2013 za \u015bp. \u017con\u0119: Urszul\u0119 Machnikowsk\u0105, rodzic\u00f3w: Zofi\u0119 i Henryka oraz Iren\u0119, Antoniego i Witolda Kasik<\/p>\n\n\n\n<p>&#8212;&#8212;&#8212;&#8212;&#8212;&#8212;&#8212;&#8212;&#8212;&#8212;&#8212;&#8212;&#8212;&#8212;&#8212;&#8212;&#8212;&#8212;&#8212;&#8212;&#8212;&#8212;&#8212;&#8212;&#8211;<\/p>\n\n\n\n<p>\u015aroda \u2013 4 marca 2026 r. \u2013 \u015aw. Kazimierza, kr\u00f3lewicza<\/p>\n\n\n\n<p>Godz. 17.00 \u2013 za \u015bp. Krystyn\u0119 Bareck\u0105 \u2013 z okazji urodzin i rodzic\u00f3w z obojga stron<\/p>\n\n\n\n<p>\u2026\u2026\u2026\u2026\u2026\u2026\u2026\u2026\u2026\u2026\u2026\u2026\u2026\u2026\u2026\u2026\u2026\u2026\u2026\u2026\u2026\u2026\u2026\u2026\u2026<\/p>\n\n\n\n<p>Czwartek \u2013 5 marca 2026 r.<\/p>\n\n\n\n<p>Godz. 17.00 \u2013 W intencji powo\u0142a\u0144 kap\u0142a\u0144skich, zakonnych i misyjnych oraz o poszanowanie i mi\u0142o\u015b\u0107 w naszych rodzinach \u2013 intencja Wsp\u00f3lnoty b\u0142. Marty Wieckiej&nbsp;<\/p>\n\n\n\n<p>&#8212;&#8212;&#8212;&#8212;&#8212;&#8212;&#8212;&#8212;&#8212;&#8212;&#8212;&#8212;&#8212;&#8212;&#8212;&#8212;&#8212;&#8212;&#8212;&#8212;&#8212;&#8212;&#8212;&#8212;&#8211;<\/p>\n\n\n\n<p>Pi\u0105tek \u2013 6 marca 2026 r.<\/p>\n\n\n\n<p>Godz. 17.00 \u2013 Do Naj\u015bwi\u0119tszego Serca Pana Jezusa \u2013 o godne prze\u017cycie Wielkiego Postu w parafii<\/p>\n\n\n\n<p>&#8212;&#8212;&#8212;&#8212;&#8212;&#8212;&#8212;&#8212;&#8212;&#8212;&#8212;&#8212;&#8212;&#8212;&#8212;&#8212;&#8212;&#8212;&#8212;&#8212;&#8212;&#8212;&#8212;&#8212;&#8211;<\/p>\n\n\n\n<p>Sobota \u2013 7 marca 2026 r.<\/p>\n\n\n\n<p>Godz. 8.00 \u2013 Do Niepokalanego Serca Matki Bo\u017cej \u2013 za zmar\u0142e Matki i \u0142ask\u0119 zdrowia dla \u017cyj\u0105cych<\/p>\n\n\n\n<p>Godz. 17.00 \u2013 za \u015bp. Stefani\u0119 i Mieczys\u0142awa Laskowskich i zmar\u0142ych z rodziny<\/p>\n\n\n\n<p>&#8212;&#8212;&#8212;&#8212;&#8212;&#8212;&#8212;&#8212;&#8212;&#8212;&#8212;&#8212;&#8212;&#8212;&#8212;&#8212;&#8212;&#8212;&#8212;&#8212;&#8212;&#8212;&#8212;&#8212;&#8211;<\/p>\n\n\n\n<p>Niedziela \u2013 8 marca 2026 r. \u2013 <strong>III Niedziela Wielkiego Postu<\/strong><\/p>\n\n\n\n<p>Godz. 8.00 \u2013 za \u015bp. mam\u0119: Stefani\u0119 \u2013 w rocznic\u0119 \u015bmierci, ojca: Franciszka, brata: Zygmunta i jego \u017con\u0119: Krystyn\u0119, szwagr\u00f3w: Zygmunta, Andrzeja i Jana oraz Kryspina<\/p>\n\n\n\n<p>Godz. 9.30 \u2013 za \u015bp. Jana Redzimskiego oraz rodzic\u00f3w obojga stron<\/p>\n\n\n\n<p>Godz. 11.00 \u2013 za \u015bp. brata: Eugeniusza \u2013 w rocznic\u0119 \u015bmierci i ojca: Anastazego &#8212;&#8212;&#8212;&#8212;&#8212;&#8212;&#8212;&#8212;&#8212;&#8212;&#8212;&#8212;&#8212;&#8212;&#8212;&#8212;&#8212;&#8212;&#8212;&#8212;&#8212;&#8212;&#8212;&#8212;&#8211;<\/p>\n","protected":false},"excerpt":{"rendered":"<p>Poniedzia\u0142ek &nbsp;\u2013 2 marca 2026 r. Godz. 17.00 \u2013 za \u015bp. m\u0119\u017ca: Eugeniusza, rodzic\u00f3w, brata: Miros\u0142awa, te\u015bci\u00f3w i dziadk\u00f3w z obojga stron &#8212;&#8212;&#8212;&#8212;&#8212;&#8212;&#8212;&#8212;&#8212;&#8212;&#8212;&#8212;&#8212;&#8212;&#8212;&#8212;&#8212;&#8212;&#8212;&#8212;&#8212;&#8212;&#8212;&#8212;&#8211; Wtorek \u2013 3 marca 2026 r. Godz. 9.00 \u2013 za \u015bp. \u017con\u0119: Urszul\u0119 Machnikowsk\u0105, rodzic\u00f3w: Zofi\u0119 i Henryka oraz Iren\u0119, Antoniego i Witolda Kasik &#8212;&#8212;&#8212;&#8212;&#8212;&#8212;&#8212;&#8212;&#8212;&#8212;&#8212;&#8212;&#8212;&#8212;&#8212;&#8212;&#8212;&#8212;&#8212;&#8212;&#8212;&#8212;&#8212;&#8212;&#8211; \u015aroda \u2013 4 marca 2026 r. \u2013 [&hellip;]<\/p>\n","protected":false},"author":7,"featured_media":5261,"comment_status":"closed","ping_status":"closed","sticky":false,"template":"","format":"standard","meta":{"footnotes":""},"categories":[76],"tags":[],"class_list":["post-6173","post","type-post","status-publish","format-standard","has-post-thumbnail","hentry","category-intencje-mszalne"],"yoast_head":"<!-- This site is optimized with the Yoast SEO plugin v19.7.1 - https:\/\/yoast.com\/wordpress\/plugins\/seo\/ -->\n<title>2.03.2026 r. \u2013 8.03.2026 r. - Parafia Niepokalanego Pocz\u0119cia Naj\u015bwi\u0119tszej Maryi Panny w Osiecznej<\/title>\n<meta name=\"robots\" content=\"index, follow, max-snippet:-1, max-image-preview:large, max-video-preview:-1\" \/>\n<link rel=\"canonical\" href=\"https:\/\/parafia-osieczna.pl\/?p=6173\" \/>\n<meta property=\"og:locale\" content=\"pl_PL\" \/>\n<meta property=\"og:type\" content=\"article\" \/>\n<meta property=\"og:title\" content=\"2.03.2026 r. \u2013 8.03.2026 r. - Parafia Niepokalanego Pocz\u0119cia Naj\u015bwi\u0119tszej Maryi Panny w Osiecznej\" \/>\n<meta property=\"og:description\" content=\"Poniedzia\u0142ek &nbsp;\u2013 2 marca 2026 r. Godz. 17.00 \u2013 za \u015bp. m\u0119\u017ca: Eugeniusza, rodzic\u00f3w, brata: Miros\u0142awa, te\u015bci\u00f3w i dziadk\u00f3w z obojga stron &#8212;&#8212;&#8212;&#8212;&#8212;&#8212;&#8212;&#8212;&#8212;&#8212;&#8212;&#8212;&#8212;&#8212;&#8212;&#8212;&#8212;&#8212;&#8212;&#8212;&#8212;&#8212;&#8212;&#8212;&#8211; Wtorek \u2013 3 marca 2026 r. Godz. 9.00 \u2013 za \u015bp. \u017con\u0119: Urszul\u0119 Machnikowsk\u0105, rodzic\u00f3w: Zofi\u0119 i Henryka oraz Iren\u0119, Antoniego i Witolda Kasik &#8212;&#8212;&#8212;&#8212;&#8212;&#8212;&#8212;&#8212;&#8212;&#8212;&#8212;&#8212;&#8212;&#8212;&#8212;&#8212;&#8212;&#8212;&#8212;&#8212;&#8212;&#8212;&#8212;&#8212;&#8211; \u015aroda \u2013 4 marca 2026 r. \u2013 [&hellip;]\" \/>\n<meta property=\"og:url\" content=\"https:\/\/parafia-osieczna.pl\/?p=6173\" \/>\n<meta property=\"og:site_name\" content=\"Parafia Niepokalanego Pocz\u0119cia Naj\u015bwi\u0119tszej Maryi Panny w Osiecznej\" \/>\n<meta property=\"article:published_time\" content=\"2026-02-28T13:33:02+00:00\" \/>\n<meta property=\"article:modified_time\" content=\"2026-02-28T13:33:03+00:00\" \/>\n<meta property=\"og:image\" content=\"https:\/\/parafia-osieczna.pl\/wp-content\/uploads\/2023\/08\/Logo-Osieczna-4.png\" \/>\n\t<meta property=\"og:image:width\" content=\"1029\" \/>\n\t<meta property=\"og:image:height\" content=\"1029\" \/>\n\t<meta property=\"og:image:type\" content=\"image\/png\" \/>\n<meta name=\"author\" content=\"Grzegorz Kielas\" \/>\n<meta name=\"twitter:card\" content=\"summary_large_image\" \/>\n<meta name=\"twitter:label1\" content=\"Napisane przez\" \/>\n\t<meta name=\"twitter:data1\" content=\"Grzegorz Kielas\" \/>\n\t<meta name=\"twitter:label2\" content=\"Szacowany czas czytania\" \/>\n\t<meta name=\"twitter:data2\" content=\"2 minuty\" \/>\n<script type=\"application\/ld+json\" class=\"yoast-schema-graph\">{\"@context\":\"https:\/\/schema.org\",\"@graph\":[{\"@type\":\"WebPage\",\"@id\":\"https:\/\/parafia-osieczna.pl\/?p=6173\",\"url\":\"https:\/\/parafia-osieczna.pl\/?p=6173\",\"name\":\"2.03.2026 r. \u2013 8.03.2026 r. - Parafia Niepokalanego Pocz\u0119cia Naj\u015bwi\u0119tszej Maryi Panny w Osiecznej\",\"isPartOf\":{\"@id\":\"https:\/\/parafia-osieczna.pl\/#website\"},\"datePublished\":\"2026-02-28T13:33:02+00:00\",\"dateModified\":\"2026-02-28T13:33:03+00:00\",\"author\":{\"@id\":\"https:\/\/parafia-osieczna.pl\/#\/schema\/person\/4bb90f6872d84c4a549e48fbda6c58d6\"},\"breadcrumb\":{\"@id\":\"https:\/\/parafia-osieczna.pl\/?p=6173#breadcrumb\"},\"inLanguage\":\"pl-PL\",\"potentialAction\":[{\"@type\":\"ReadAction\",\"target\":[\"https:\/\/parafia-osieczna.pl\/?p=6173\"]}]},{\"@type\":\"BreadcrumbList\",\"@id\":\"https:\/\/parafia-osieczna.pl\/?p=6173#breadcrumb\",\"itemListElement\":[{\"@type\":\"ListItem\",\"position\":1,\"name\":\"Strona g\u0142\u00f3wna\",\"item\":\"https:\/\/parafia-osieczna.pl\/?page_id=206\"},{\"@type\":\"ListItem\",\"position\":2,\"name\":\"2.03.2026 r. \u2013 8.03.2026 r.\"}]},{\"@type\":\"WebSite\",\"@id\":\"https:\/\/parafia-osieczna.pl\/#website\",\"url\":\"https:\/\/parafia-osieczna.pl\/\",\"name\":\"Parafia Niepokalanego Pocz\u0119cia Naj\u015bwi\u0119tszej Maryi Panny w Osiecznej\",\"description\":\"\",\"potentialAction\":[{\"@type\":\"SearchAction\",\"target\":{\"@type\":\"EntryPoint\",\"urlTemplate\":\"https:\/\/parafia-osieczna.pl\/?s={search_term_string}\"},\"query-input\":\"required name=search_term_string\"}],\"inLanguage\":\"pl-PL\"},{\"@type\":\"Person\",\"@id\":\"https:\/\/parafia-osieczna.pl\/#\/schema\/person\/4bb90f6872d84c4a549e48fbda6c58d6\",\"name\":\"Grzegorz Kielas\",\"image\":{\"@type\":\"ImageObject\",\"inLanguage\":\"pl-PL\",\"@id\":\"https:\/\/parafia-osieczna.pl\/#\/schema\/person\/image\/\",\"url\":\"https:\/\/secure.gravatar.com\/avatar\/033b8531a3bfe699d922bd205129822a7e9a0e4c373d517fae719e5e1ef3d15e?s=96&d=mm&r=g\",\"contentUrl\":\"https:\/\/secure.gravatar.com\/avatar\/033b8531a3bfe699d922bd205129822a7e9a0e4c373d517fae719e5e1ef3d15e?s=96&d=mm&r=g\",\"caption\":\"Grzegorz Kielas\"},\"sameAs\":[\"http:\/\/parafia-osieczna.pl\"],\"url\":\"https:\/\/parafia-osieczna.pl\/?author=7\"}]}<\/script>\n<!-- \/ Yoast SEO plugin. -->","yoast_head_json":{"title":"2.03.2026 r. \u2013 8.03.2026 r. - Parafia Niepokalanego Pocz\u0119cia Naj\u015bwi\u0119tszej Maryi Panny w Osiecznej","robots":{"index":"index","follow":"follow","max-snippet":"max-snippet:-1","max-image-preview":"max-image-preview:large","max-video-preview":"max-video-preview:-1"},"canonical":"https:\/\/parafia-osieczna.pl\/?p=6173","og_locale":"pl_PL","og_type":"article","og_title":"2.03.2026 r. \u2013 8.03.2026 r. - Parafia Niepokalanego Pocz\u0119cia Naj\u015bwi\u0119tszej Maryi Panny w Osiecznej","og_description":"Poniedzia\u0142ek &nbsp;\u2013 2 marca 2026 r. Godz. 17.00 \u2013 za \u015bp. m\u0119\u017ca: Eugeniusza, rodzic\u00f3w, brata: Miros\u0142awa, te\u015bci\u00f3w i dziadk\u00f3w z obojga stron &#8212;&#8212;&#8212;&#8212;&#8212;&#8212;&#8212;&#8212;&#8212;&#8212;&#8212;&#8212;&#8212;&#8212;&#8212;&#8212;&#8212;&#8212;&#8212;&#8212;&#8212;&#8212;&#8212;&#8212;&#8211; Wtorek \u2013 3 marca 2026 r. Godz. 9.00 \u2013 za \u015bp. \u017con\u0119: Urszul\u0119 Machnikowsk\u0105, rodzic\u00f3w: Zofi\u0119 i Henryka oraz Iren\u0119, Antoniego i Witolda Kasik &#8212;&#8212;&#8212;&#8212;&#8212;&#8212;&#8212;&#8212;&#8212;&#8212;&#8212;&#8212;&#8212;&#8212;&#8212;&#8212;&#8212;&#8212;&#8212;&#8212;&#8212;&#8212;&#8212;&#8212;&#8211; \u015aroda \u2013 4 marca 2026 r. \u2013 [&hellip;]","og_url":"https:\/\/parafia-osieczna.pl\/?p=6173","og_site_name":"Parafia Niepokalanego Pocz\u0119cia Naj\u015bwi\u0119tszej Maryi Panny w Osiecznej","article_published_time":"2026-02-28T13:33:02+00:00","article_modified_time":"2026-02-28T13:33:03+00:00","og_image":[{"width":1029,"height":1029,"url":"https:\/\/parafia-osieczna.pl\/wp-content\/uploads\/2023\/08\/Logo-Osieczna-4.png","type":"image\/png"}],"author":"Grzegorz Kielas","twitter_card":"summary_large_image","twitter_misc":{"Napisane przez":"Grzegorz Kielas","Szacowany czas czytania":"2 minuty"},"schema":{"@context":"https:\/\/schema.org","@graph":[{"@type":"WebPage","@id":"https:\/\/parafia-osieczna.pl\/?p=6173","url":"https:\/\/parafia-osieczna.pl\/?p=6173","name":"2.03.2026 r. \u2013 8.03.2026 r. - Parafia Niepokalanego Pocz\u0119cia Naj\u015bwi\u0119tszej Maryi Panny w Osiecznej","isPartOf":{"@id":"https:\/\/parafia-osieczna.pl\/#website"},"datePublished":"2026-02-28T13:33:02+00:00","dateModified":"2026-02-28T13:33:03+00:00","author":{"@id":"https:\/\/parafia-osieczna.pl\/#\/schema\/person\/4bb90f6872d84c4a549e48fbda6c58d6"},"breadcrumb":{"@id":"https:\/\/parafia-osieczna.pl\/?p=6173#breadcrumb"},"inLanguage":"pl-PL","potentialAction":[{"@type":"ReadAction","target":["https:\/\/parafia-osieczna.pl\/?p=6173"]}]},{"@type":"BreadcrumbList","@id":"https:\/\/parafia-osieczna.pl\/?p=6173#breadcrumb","itemListElement":[{"@type":"ListItem","position":1,"name":"Strona g\u0142\u00f3wna","item":"https:\/\/parafia-osieczna.pl\/?page_id=206"},{"@type":"ListItem","position":2,"name":"2.03.2026 r. \u2013 8.03.2026 r."}]},{"@type":"WebSite","@id":"https:\/\/parafia-osieczna.pl\/#website","url":"https:\/\/parafia-osieczna.pl\/","name":"Parafia Niepokalanego Pocz\u0119cia Naj\u015bwi\u0119tszej Maryi Panny w Osiecznej","description":"","potentialAction":[{"@type":"SearchAction","target":{"@type":"EntryPoint","urlTemplate":"https:\/\/parafia-osieczna.pl\/?s={search_term_string}"},"query-input":"required name=search_term_string"}],"inLanguage":"pl-PL"},{"@type":"Person","@id":"https:\/\/parafia-osieczna.pl\/#\/schema\/person\/4bb90f6872d84c4a549e48fbda6c58d6","name":"Grzegorz Kielas","image":{"@type":"ImageObject","inLanguage":"pl-PL","@id":"https:\/\/parafia-osieczna.pl\/#\/schema\/person\/image\/","url":"https:\/\/secure.gravatar.com\/avatar\/033b8531a3bfe699d922bd205129822a7e9a0e4c373d517fae719e5e1ef3d15e?s=96&d=mm&r=g","contentUrl":"https:\/\/secure.gravatar.com\/avatar\/033b8531a3bfe699d922bd205129822a7e9a0e4c373d517fae719e5e1ef3d15e?s=96&d=mm&r=g","caption":"Grzegorz Kielas"},"sameAs":["http:\/\/parafia-osieczna.pl"],"url":"https:\/\/parafia-osieczna.pl\/?author=7"}]}},"_links":{"self":[{"href":"https:\/\/parafia-osieczna.pl\/index.php?rest_route=\/wp\/v2\/posts\/6173","targetHints":{"allow":["GET"]}}],"collection":[{"href":"https:\/\/parafia-osieczna.pl\/index.php?rest_route=\/wp\/v2\/posts"}],"about":[{"href":"https:\/\/parafia-osieczna.pl\/index.php?rest_route=\/wp\/v2\/types\/post"}],"author":[{"embeddable":true,"href":"https:\/\/parafia-osieczna.pl\/index.php?rest_route=\/wp\/v2\/users\/7"}],"replies":[{"embeddable":true,"href":"https:\/\/parafia-osieczna.pl\/index.php?rest_route=%2Fwp%2Fv2%2Fcomments&post=6173"}],"version-history":[{"count":1,"href":"https:\/\/parafia-osieczna.pl\/index.php?rest_route=\/wp\/v2\/posts\/6173\/revisions"}],"predecessor-version":[{"id":6174,"href":"https:\/\/parafia-osieczna.pl\/index.php?rest_route=\/wp\/v2\/posts\/6173\/revisions\/6174"}],"wp:featuredmedia":[{"embeddable":true,"href":"https:\/\/parafia-osieczna.pl\/index.php?rest_route=\/wp\/v2\/media\/5261"}],"wp:attachment":[{"href":"https:\/\/parafia-osieczna.pl\/index.php?rest_route=%2Fwp%2Fv2%2Fmedia&parent=6173"}],"wp:term":[{"taxonomy":"category","embeddable":true,"href":"https:\/\/parafia-osieczna.pl\/index.php?rest_route=%2Fwp%2Fv2%2Fcategories&post=6173"},{"taxonomy":"post_tag","embeddable":true,"href":"https:\/\/parafia-osieczna.pl\/index.php?rest_route=%2Fwp%2Fv2%2Ftags&post=6173"}],"curies":[{"name":"wp","href":"https:\/\/api.w.org\/{rel}","templated":true}]}}