{"id":6171,"date":"2026-02-28T14:31:09","date_gmt":"2026-02-28T13:31:09","guid":{"rendered":"https:\/\/parafia-osieczna.pl\/?p=6171"},"modified":"2026-02-28T14:31:11","modified_gmt":"2026-02-28T13:31:11","slug":"ii-niedziela-wielkiego-postu-1-marca-2026","status":"publish","type":"post","link":"https:\/\/parafia-osieczna.pl\/?p=6171","title":{"rendered":"II NIEDZIELA WIELKIEGO POSTU \u2013 1 marca 2026"},"content":{"rendered":"\n<p>l. Dzi\u015b przypada druga niedziela Wielkiego Postu. Ko\u015bci\u00f3\u0142 na r\u00f3\u017cne sposoby pragnie nam pom\u00f3c, aby\u015bmy ten \u015bwi\u0119ty czas prze\u017cywali z jak najwi\u0119kszym po\u017cytkiem. Czyni to zw\u0142aszcza przez g\u0142oszenie s\u0142owa Bo\u017cego oraz sprawowanie sakramentu pojednania i pokuty. Czyni to tak\u017ce przez organizowanie w tym czasie <strong>rekolekcji<\/strong>, kt\u00f3re prze\u017cywa\u0107 b\u0119dziemy <strong>od 16 do 18 marca<\/strong> czy specjalnych nabo\u017ce\u0144stw pokutnych\u2026 Przypominam, \u017ce w naszym ko\u015bciele w ka\u017cdy pi\u0105tek o godz. 16.30 razem z&nbsp;Chrystusem i Jego Bolej\u0105c\u0105 Matk\u0105 przemierzamy <strong>Drog\u0119 krzy\u017cow\u0105<\/strong>, a w niedziele po ka\u017cdej Mszy \u015bw. &nbsp;rozpami\u0119tujemy m\u0119k\u0119 Pana Jezusa podczas <strong>Gorzkich \u017cali<\/strong>. Wszystkich zach\u0119cam do licznego udzia\u0142u w tych nabo\u017ce\u0144stwach.<\/p>\n\n\n\n<p>2. W Ko\u015bciele powszechnym prze\u017cywamy niedziel\u0119 <strong>Ad Gentes \u2013 Dzie\u0144 Modlitw, Postu i&nbsp;Solidarno\u015bci z Misjonarzami<\/strong>. Naszymi modlitwami obejmujemy tych, kt\u00f3rzy g\u0142osz\u0105 Ewangeli\u0119 na kra\u0144cach ziemi. Oni cz\u0119sto na wz\u00f3r Chrystusa cierpi\u0105 prze\u015bladowania i p\u0142ac\u0105 najwy\u017csz\u0105 cen\u0119 z w\u0142asnego \u017cycia za swoj\u0105 s\u0142u\u017cb\u0119 Bogu i cz\u0142owiekowi. Do puszek sk\u0142adamy ofiary na dzie\u0142o pomocy Ad Gentes.<\/p>\n\n\n\n<p>3. Dzisiaj przypada te\u017c \u015bwi\u0119to pa\u0144stwowe: <strong>Narodowy Dzie\u0144 Pami\u0119ci \u201e\u017bo\u0142nierzy Wykl\u0119tych\u201d<\/strong>. Upami\u0119tnia ono \u017co\u0142nierzy antykomunistycznych i niepodleg\u0142o\u015bciowego podziemia, zosta\u0142o ustanowione w 2011 roku przez Sejm Rzeczypospolitej Polskiej. Pami\u0119tajmy w osobistych modlitwach o tych, kt\u00f3rzy dla naszej Ojczyzny z\u0142o\u017cyli najwy\u017csz\u0105 ofiar\u0119 ze swojego \u017cycia.<\/p>\n\n\n\n<p>4. We wtorek, 3 marca podczas Mszy \u015awi\u0119tej sprawowanej o godz. 18.00 w Szlachcie, m\u0142odzie\u017c naszej parafii z r\u0105k J. E. Ks. Biskupa Diecezjalnego Ryszarda Kasyny przyjmie sakrament <strong>Bierzmowania<\/strong>.<\/p>\n\n\n\n<p>&nbsp;&nbsp; Wcze\u015bniej Ksi\u0105dz Biskup o godz. 16.00 udzieli sakramentu Bierzmowania w \u015aliwicach. Z tego powodu u nas Msza \u015bw. we wtorek, 3 marca o godz. 9.00.<\/p>\n\n\n\n<p>5. W Wielkim Po\u015bcie wpatrujmy si\u0119 w Ukrzy\u017cowanego, kt\u00f3ry dla nas z\u0142o\u017cy\u0142 w ofierze swoje \u017cycie, podejmujmy trud dobrowolnego umartwienia, jako wynagrodzenie za grzechy nasze i&nbsp;naszych bli\u017anich. Nie zapominajmy, \u017ce Wielki Post jest czasem pokuty i modlitwy. Niech go nie zak\u0142\u00f3c\u0105 huczne spotkania czy imprezy rozrywkowe. Kochani rodzice, z wi\u0119ksz\u0105 trosk\u0105 sp\u00f3jrzcie w tym czasie na swoje dzieci. To na Was spoczywa obowi\u0105zek dobrego wychowania m\u0142odego pokolenia.<\/p>\n\n\n\n<p>6. W \u015brod\u0119, 4 marca, w liturgii czcimy <strong>\u015awi\u0119tego Kazimierza<\/strong> (1458-1484), polskiego kr\u00f3lewicza, kt\u00f3ry swym bogobojnym \u017cyciem udowodni\u0142, \u017ce w\u0142adza wcale nie musi by\u0107 okazj\u0105 do nadu\u017cy\u0107, korupcji ani wy\u015bcigu w gromadzeniu doczesnego bogactwa. W\u0142adza i&nbsp;polityka jest dzie\u0142em Boga i traktowana jako powo\u0142anie mo\u017ce sta\u0107 si\u0119 te\u017c drog\u0105 do \u015bwi\u0119to\u015bci. Poniewa\u017c \u015awi\u0119ty Kazimierz jest patronem naszych braci Litwin\u00f3w, przez jego wstawiennictwo polecajmy Opatrzno\u015bci Bo\u017cej Ko\u015bci\u00f3\u0142 i ca\u0142y nar\u00f3d litewski. Zapraszam na Msz\u0119 \u015bw. o godz. 17.00, a po niej na <strong>Nowenn\u0119 do Matki Bo\u017cej Nieustaj\u0105cej Pomocy<\/strong>.<\/p>\n\n\n\n<p>7. W tym tygodniu przypada tak\u017ce <strong>pierwszy czwartek<\/strong>, <strong>pierwszy pi\u0105tek<\/strong> i <strong>pierwsza sobota miesi\u0105ca<\/strong>.<\/p>\n\n\n\n<p>&nbsp;&nbsp; W czwartek, zw\u0142aszcza podczas adoracji Naj\u015bwi\u0119tszego Sakramentu od godz. 16.30 do 17.00, dzi\u0119kowa\u0107 b\u0119dziemy za dar Eucharystii i kap\u0142a\u0144stwa i prosi\u0107 o nowe i \u015bwi\u0119te powo\u0142ania do pracy w Ko\u015bciele, tak\u017ce z&nbsp;naszej wsp\u00f3lnoty parafialnej.<\/p>\n\n\n\n<p>&nbsp;&nbsp; W pi\u0105tek pragniemy wype\u0142ni\u0107 pro\u015bb\u0119 Pana Jezusa o modlitw\u0119 wynagradzaj\u0105c\u0105 za grzechy nasze i ca\u0142ego \u015bwiata. Z sakramentu pokuty w pierwszy pi\u0105tek miesi\u0105ca w naszym ko\u015bciele b\u0119dzie mo\u017cna skorzysta\u0107 od godziny 16. 00 do 16.25. Wszystkich parafian zach\u0119cam do pojednania si\u0119 z Bogiem i bra\u0107mi, a tak\u017ce do licznego udzia\u0142u w pierwszopi\u0105tkowym nabo\u017ce\u0144stwie oraz we Mszy \u015awi\u0119tej wynagradzaj\u0105cej Naj\u015bwi\u0119tszemu Sercu Pana Jezusa o&nbsp;godz. 17.00.<\/p>\n\n\n\n<p>&nbsp;&nbsp; W sobot\u0119 czcimy Matk\u0119 Naj\u015bwi\u0119tsz\u0105 i powierzamy Jej Niepokalanemu Sercu ca\u0142\u0105 nasz\u0105 codzienno\u015b\u0107. Serdecznie zapraszam do licznego udzia\u0142u w Eucharystii oraz pierwszosobotnim nabo\u017ce\u0144stwie o godz. 8.00.<\/p>\n\n\n\n<p>8. <strong>Odwiedziny u chorych i senior\u00f3w<\/strong> z pos\u0142ug\u0105 sakramentaln\u0105 w&nbsp;naszej parafii w pi\u0105tek, 6 marca od godz. 9.00.<\/p>\n\n\n\n<p>9. W sobot\u0119, 7 marca na godz. 11.00 zapraszam na spotkanie w Biurze Parafialnym dzieci przygotowuj\u0105ce si\u0119 do I Komunii \u015bw..<\/p>\n\n\n\n<p>10. W przysz\u0142\u0105 niedziel\u0119, 8 marca, przypada <strong>Dzie\u0144 Kobiet<\/strong>. Cho\u0107 to raczej \u015bwiecka uroczysto\u015b\u0107, pami\u0119tajmy w modlitwach o wszystkich niewiastach.<\/p>\n\n\n\n<p>11. Dzi\u0119kuj\u0119 Pa\u0144stwu Landowskim, Szumacher i W\u0142och z Os. Ks. F. Czapli\u0144skiego za przygotowanie ko\u015bcio\u0142a na dzisiejsz\u0105 niedziel\u0119. W przysz\u0142ym tygodniu o przygotowanie ko\u015bcio\u0142a poprosz\u0119 Pa\u0144stwo Kotlewskich, Reszczy\u0144skich, Szarmach i Szwarc z Os. Ks. F. Czapli\u0144skiego.<\/p>\n\n\n\n<p>12. Na stoliku pod ch\u00f3rem wy\u0142o\u017cony jest nowy numer dwutygodnika diecezjalnego: <strong><em>\u201ePielgrzym\u201d<\/em><\/strong>. Zach\u0119cam do korzystania z prasy katolickiej.<\/p>\n\n\n\n<p>13. Wszystkim <strong>solenizantom i jubilatom<\/strong> tego tygodnia \u017cycz\u0119 obfito\u015bci Bo\u017cych dar\u00f3w, rado\u015bci oraz wzrastania w wierze i mi\u0142o\u015bci ku Panu.<\/p>\n","protected":false},"excerpt":{"rendered":"<p>l. Dzi\u015b przypada druga niedziela Wielkiego Postu. Ko\u015bci\u00f3\u0142 na r\u00f3\u017cne sposoby pragnie nam pom\u00f3c, aby\u015bmy ten \u015bwi\u0119ty czas prze\u017cywali z jak najwi\u0119kszym po\u017cytkiem. Czyni to zw\u0142aszcza przez g\u0142oszenie s\u0142owa Bo\u017cego oraz sprawowanie sakramentu pojednania i pokuty. Czyni to tak\u017ce przez organizowanie w tym czasie rekolekcji, kt\u00f3re prze\u017cywa\u0107 b\u0119dziemy od 16 do 18 marca czy specjalnych [&hellip;]<\/p>\n","protected":false},"author":7,"featured_media":5261,"comment_status":"closed","ping_status":"closed","sticky":false,"template":"","format":"standard","meta":{"footnotes":""},"categories":[1],"tags":[],"class_list":["post-6171","post","type-post","status-publish","format-standard","has-post-thumbnail","hentry","category-ogloszenia-parafialne"],"yoast_head":"<!-- This site is optimized with the Yoast SEO plugin v19.7.1 - https:\/\/yoast.com\/wordpress\/plugins\/seo\/ -->\n<title>II NIEDZIELA WIELKIEGO POSTU \u2013 1 marca 2026 - Parafia Niepokalanego Pocz\u0119cia Naj\u015bwi\u0119tszej Maryi Panny w Osiecznej<\/title>\n<meta name=\"robots\" content=\"index, follow, max-snippet:-1, max-image-preview:large, max-video-preview:-1\" \/>\n<link rel=\"canonical\" href=\"https:\/\/parafia-osieczna.pl\/?p=6171\" \/>\n<meta property=\"og:locale\" content=\"pl_PL\" \/>\n<meta property=\"og:type\" content=\"article\" \/>\n<meta property=\"og:title\" content=\"II NIEDZIELA WIELKIEGO POSTU \u2013 1 marca 2026 - Parafia Niepokalanego Pocz\u0119cia Naj\u015bwi\u0119tszej Maryi Panny w Osiecznej\" \/>\n<meta property=\"og:description\" content=\"l. Dzi\u015b przypada druga niedziela Wielkiego Postu. Ko\u015bci\u00f3\u0142 na r\u00f3\u017cne sposoby pragnie nam pom\u00f3c, aby\u015bmy ten \u015bwi\u0119ty czas prze\u017cywali z jak najwi\u0119kszym po\u017cytkiem. Czyni to zw\u0142aszcza przez g\u0142oszenie s\u0142owa Bo\u017cego oraz sprawowanie sakramentu pojednania i pokuty. Czyni to tak\u017ce przez organizowanie w tym czasie rekolekcji, kt\u00f3re prze\u017cywa\u0107 b\u0119dziemy od 16 do 18 marca czy specjalnych [&hellip;]\" \/>\n<meta property=\"og:url\" content=\"https:\/\/parafia-osieczna.pl\/?p=6171\" \/>\n<meta property=\"og:site_name\" content=\"Parafia Niepokalanego Pocz\u0119cia Naj\u015bwi\u0119tszej Maryi Panny w Osiecznej\" \/>\n<meta property=\"article:published_time\" content=\"2026-02-28T13:31:09+00:00\" \/>\n<meta property=\"article:modified_time\" content=\"2026-02-28T13:31:11+00:00\" \/>\n<meta property=\"og:image\" content=\"https:\/\/parafia-osieczna.pl\/wp-content\/uploads\/2023\/08\/Logo-Osieczna-4.png\" \/>\n\t<meta property=\"og:image:width\" content=\"1029\" \/>\n\t<meta property=\"og:image:height\" content=\"1029\" \/>\n\t<meta property=\"og:image:type\" content=\"image\/png\" \/>\n<meta name=\"author\" content=\"Grzegorz Kielas\" \/>\n<meta name=\"twitter:card\" content=\"summary_large_image\" \/>\n<meta name=\"twitter:label1\" content=\"Napisane przez\" \/>\n\t<meta name=\"twitter:data1\" content=\"Grzegorz Kielas\" \/>\n\t<meta name=\"twitter:label2\" content=\"Szacowany czas czytania\" \/>\n\t<meta name=\"twitter:data2\" content=\"5 minut\" \/>\n<script type=\"application\/ld+json\" class=\"yoast-schema-graph\">{\"@context\":\"https:\/\/schema.org\",\"@graph\":[{\"@type\":\"WebPage\",\"@id\":\"https:\/\/parafia-osieczna.pl\/?p=6171\",\"url\":\"https:\/\/parafia-osieczna.pl\/?p=6171\",\"name\":\"II NIEDZIELA WIELKIEGO POSTU \u2013 1 marca 2026 - Parafia Niepokalanego Pocz\u0119cia Naj\u015bwi\u0119tszej Maryi Panny w Osiecznej\",\"isPartOf\":{\"@id\":\"https:\/\/parafia-osieczna.pl\/#website\"},\"datePublished\":\"2026-02-28T13:31:09+00:00\",\"dateModified\":\"2026-02-28T13:31:11+00:00\",\"author\":{\"@id\":\"https:\/\/parafia-osieczna.pl\/#\/schema\/person\/4bb90f6872d84c4a549e48fbda6c58d6\"},\"breadcrumb\":{\"@id\":\"https:\/\/parafia-osieczna.pl\/?p=6171#breadcrumb\"},\"inLanguage\":\"pl-PL\",\"potentialAction\":[{\"@type\":\"ReadAction\",\"target\":[\"https:\/\/parafia-osieczna.pl\/?p=6171\"]}]},{\"@type\":\"BreadcrumbList\",\"@id\":\"https:\/\/parafia-osieczna.pl\/?p=6171#breadcrumb\",\"itemListElement\":[{\"@type\":\"ListItem\",\"position\":1,\"name\":\"Strona g\u0142\u00f3wna\",\"item\":\"https:\/\/parafia-osieczna.pl\/?page_id=206\"},{\"@type\":\"ListItem\",\"position\":2,\"name\":\"II NIEDZIELA WIELKIEGO POSTU \u2013 1 marca 2026\"}]},{\"@type\":\"WebSite\",\"@id\":\"https:\/\/parafia-osieczna.pl\/#website\",\"url\":\"https:\/\/parafia-osieczna.pl\/\",\"name\":\"Parafia Niepokalanego Pocz\u0119cia Naj\u015bwi\u0119tszej Maryi Panny w Osiecznej\",\"description\":\"\",\"potentialAction\":[{\"@type\":\"SearchAction\",\"target\":{\"@type\":\"EntryPoint\",\"urlTemplate\":\"https:\/\/parafia-osieczna.pl\/?s={search_term_string}\"},\"query-input\":\"required name=search_term_string\"}],\"inLanguage\":\"pl-PL\"},{\"@type\":\"Person\",\"@id\":\"https:\/\/parafia-osieczna.pl\/#\/schema\/person\/4bb90f6872d84c4a549e48fbda6c58d6\",\"name\":\"Grzegorz Kielas\",\"image\":{\"@type\":\"ImageObject\",\"inLanguage\":\"pl-PL\",\"@id\":\"https:\/\/parafia-osieczna.pl\/#\/schema\/person\/image\/\",\"url\":\"https:\/\/secure.gravatar.com\/avatar\/033b8531a3bfe699d922bd205129822a7e9a0e4c373d517fae719e5e1ef3d15e?s=96&d=mm&r=g\",\"contentUrl\":\"https:\/\/secure.gravatar.com\/avatar\/033b8531a3bfe699d922bd205129822a7e9a0e4c373d517fae719e5e1ef3d15e?s=96&d=mm&r=g\",\"caption\":\"Grzegorz Kielas\"},\"sameAs\":[\"http:\/\/parafia-osieczna.pl\"],\"url\":\"https:\/\/parafia-osieczna.pl\/?author=7\"}]}<\/script>\n<!-- \/ Yoast SEO plugin. -->","yoast_head_json":{"title":"II NIEDZIELA WIELKIEGO POSTU \u2013 1 marca 2026 - Parafia Niepokalanego Pocz\u0119cia Naj\u015bwi\u0119tszej Maryi Panny w Osiecznej","robots":{"index":"index","follow":"follow","max-snippet":"max-snippet:-1","max-image-preview":"max-image-preview:large","max-video-preview":"max-video-preview:-1"},"canonical":"https:\/\/parafia-osieczna.pl\/?p=6171","og_locale":"pl_PL","og_type":"article","og_title":"II NIEDZIELA WIELKIEGO POSTU \u2013 1 marca 2026 - Parafia Niepokalanego Pocz\u0119cia Naj\u015bwi\u0119tszej Maryi Panny w Osiecznej","og_description":"l. Dzi\u015b przypada druga niedziela Wielkiego Postu. Ko\u015bci\u00f3\u0142 na r\u00f3\u017cne sposoby pragnie nam pom\u00f3c, aby\u015bmy ten \u015bwi\u0119ty czas prze\u017cywali z jak najwi\u0119kszym po\u017cytkiem. Czyni to zw\u0142aszcza przez g\u0142oszenie s\u0142owa Bo\u017cego oraz sprawowanie sakramentu pojednania i pokuty. Czyni to tak\u017ce przez organizowanie w tym czasie rekolekcji, kt\u00f3re prze\u017cywa\u0107 b\u0119dziemy od 16 do 18 marca czy specjalnych [&hellip;]","og_url":"https:\/\/parafia-osieczna.pl\/?p=6171","og_site_name":"Parafia Niepokalanego Pocz\u0119cia Naj\u015bwi\u0119tszej Maryi Panny w Osiecznej","article_published_time":"2026-02-28T13:31:09+00:00","article_modified_time":"2026-02-28T13:31:11+00:00","og_image":[{"width":1029,"height":1029,"url":"https:\/\/parafia-osieczna.pl\/wp-content\/uploads\/2023\/08\/Logo-Osieczna-4.png","type":"image\/png"}],"author":"Grzegorz Kielas","twitter_card":"summary_large_image","twitter_misc":{"Napisane przez":"Grzegorz Kielas","Szacowany czas czytania":"5 minut"},"schema":{"@context":"https:\/\/schema.org","@graph":[{"@type":"WebPage","@id":"https:\/\/parafia-osieczna.pl\/?p=6171","url":"https:\/\/parafia-osieczna.pl\/?p=6171","name":"II NIEDZIELA WIELKIEGO POSTU \u2013 1 marca 2026 - Parafia Niepokalanego Pocz\u0119cia Naj\u015bwi\u0119tszej Maryi Panny w Osiecznej","isPartOf":{"@id":"https:\/\/parafia-osieczna.pl\/#website"},"datePublished":"2026-02-28T13:31:09+00:00","dateModified":"2026-02-28T13:31:11+00:00","author":{"@id":"https:\/\/parafia-osieczna.pl\/#\/schema\/person\/4bb90f6872d84c4a549e48fbda6c58d6"},"breadcrumb":{"@id":"https:\/\/parafia-osieczna.pl\/?p=6171#breadcrumb"},"inLanguage":"pl-PL","potentialAction":[{"@type":"ReadAction","target":["https:\/\/parafia-osieczna.pl\/?p=6171"]}]},{"@type":"BreadcrumbList","@id":"https:\/\/parafia-osieczna.pl\/?p=6171#breadcrumb","itemListElement":[{"@type":"ListItem","position":1,"name":"Strona g\u0142\u00f3wna","item":"https:\/\/parafia-osieczna.pl\/?page_id=206"},{"@type":"ListItem","position":2,"name":"II NIEDZIELA WIELKIEGO POSTU \u2013 1 marca 2026"}]},{"@type":"WebSite","@id":"https:\/\/parafia-osieczna.pl\/#website","url":"https:\/\/parafia-osieczna.pl\/","name":"Parafia Niepokalanego Pocz\u0119cia Naj\u015bwi\u0119tszej Maryi Panny w Osiecznej","description":"","potentialAction":[{"@type":"SearchAction","target":{"@type":"EntryPoint","urlTemplate":"https:\/\/parafia-osieczna.pl\/?s={search_term_string}"},"query-input":"required name=search_term_string"}],"inLanguage":"pl-PL"},{"@type":"Person","@id":"https:\/\/parafia-osieczna.pl\/#\/schema\/person\/4bb90f6872d84c4a549e48fbda6c58d6","name":"Grzegorz Kielas","image":{"@type":"ImageObject","inLanguage":"pl-PL","@id":"https:\/\/parafia-osieczna.pl\/#\/schema\/person\/image\/","url":"https:\/\/secure.gravatar.com\/avatar\/033b8531a3bfe699d922bd205129822a7e9a0e4c373d517fae719e5e1ef3d15e?s=96&d=mm&r=g","contentUrl":"https:\/\/secure.gravatar.com\/avatar\/033b8531a3bfe699d922bd205129822a7e9a0e4c373d517fae719e5e1ef3d15e?s=96&d=mm&r=g","caption":"Grzegorz Kielas"},"sameAs":["http:\/\/parafia-osieczna.pl"],"url":"https:\/\/parafia-osieczna.pl\/?author=7"}]}},"_links":{"self":[{"href":"https:\/\/parafia-osieczna.pl\/index.php?rest_route=\/wp\/v2\/posts\/6171","targetHints":{"allow":["GET"]}}],"collection":[{"href":"https:\/\/parafia-osieczna.pl\/index.php?rest_route=\/wp\/v2\/posts"}],"about":[{"href":"https:\/\/parafia-osieczna.pl\/index.php?rest_route=\/wp\/v2\/types\/post"}],"author":[{"embeddable":true,"href":"https:\/\/parafia-osieczna.pl\/index.php?rest_route=\/wp\/v2\/users\/7"}],"replies":[{"embeddable":true,"href":"https:\/\/parafia-osieczna.pl\/index.php?rest_route=%2Fwp%2Fv2%2Fcomments&post=6171"}],"version-history":[{"count":1,"href":"https:\/\/parafia-osieczna.pl\/index.php?rest_route=\/wp\/v2\/posts\/6171\/revisions"}],"predecessor-version":[{"id":6172,"href":"https:\/\/parafia-osieczna.pl\/index.php?rest_route=\/wp\/v2\/posts\/6171\/revisions\/6172"}],"wp:featuredmedia":[{"embeddable":true,"href":"https:\/\/parafia-osieczna.pl\/index.php?rest_route=\/wp\/v2\/media\/5261"}],"wp:attachment":[{"href":"https:\/\/parafia-osieczna.pl\/index.php?rest_route=%2Fwp%2Fv2%2Fmedia&parent=6171"}],"wp:term":[{"taxonomy":"category","embeddable":true,"href":"https:\/\/parafia-osieczna.pl\/index.php?rest_route=%2Fwp%2Fv2%2Fcategories&post=6171"},{"taxonomy":"post_tag","embeddable":true,"href":"https:\/\/parafia-osieczna.pl\/index.php?rest_route=%2Fwp%2Fv2%2Ftags&post=6171"}],"curies":[{"name":"wp","href":"https:\/\/api.w.org\/{rel}","templated":true}]}}