{"id":6167,"date":"2026-02-21T14:28:29","date_gmt":"2026-02-21T13:28:29","guid":{"rendered":"https:\/\/parafia-osieczna.pl\/?p=6167"},"modified":"2026-02-21T14:28:33","modified_gmt":"2026-02-21T13:28:33","slug":"i-niedziela-wielkiego-postu-22-lutego-2026","status":"publish","type":"post","link":"https:\/\/parafia-osieczna.pl\/?p=6167","title":{"rendered":"I NIEDZIELA WIELKIEGO POSTU \u2013 22 lutego 2026"},"content":{"rendered":"\n<p>l. Dzisiaj prze\u017cywamy pierwsz\u0105 niedziel\u0119 <strong>Wielkiego Postu<\/strong>. Ko\u0144cz\u0105 si\u0119 trwaj\u0105ce od \u015arody Popielcowej Kwartalne dni modlitw o ducha pokuty. Warto przytoczy\u0107 przy tej okazji s\u0142owa \u015awi\u0119tego Jana Paw\u0142a II: \u201eRozpoczynaj\u0105cy si\u0119 okres Wielkiego Postu jest okazj\u0105 do bardziej intensywnej modlitwy i wielkodusznej pokuty dla ub\u0142agania Boga o \u0142ask\u0119 nawr\u00f3cenia serc i&nbsp;dar pokoju w sprawiedliwo\u015bci dla wszystkich ludzi\u201d. Starajmy si\u0119, aby owoce duchowe, jakie w tym czasie otrzymamy, promieniowa\u0142y wok\u00f3\u0142 nas, a trud stawania si\u0119 lepszymi ofiarujmy tak\u017ce za innych, zw\u0142aszcza za tych, kt\u00f3rzy obra\u017caj\u0105 Pana Boga i za to nie przepraszaj\u0105, oraz za pok\u00f3j na \u015bwiecie.<\/p>\n\n\n\n<p>2. W\u0142\u0105czmy si\u0119 w g\u0142\u0119bokie prze\u017cycie tego czasu przez intensywniejsz\u0105 modlitw\u0119 osobist\u0105 i&nbsp;wsp\u00f3lnotow\u0105. Tej drugiej b\u0119dzie sprzyja\u0142 udzia\u0142 w nabo\u017ce\u0144stwach wielkopostnych:<\/p>\n\n\n\n<p>&#8211; w&nbsp;pi\u0105tki w naszym ko\u015bciele o godz. 16.30 odprawiamy <strong>Drog\u0119 krzy\u017cow\u0105<\/strong>,<\/p>\n\n\n\n<p>&#8211; a w niedziele po ka\u017cdej Mszy \u015bw. \u015bpiewamy jedn\u0105 cz\u0119\u015b\u0107 <strong>Gorzkich \u017cali<\/strong>.<\/p>\n\n\n\n<p>Do licznego udzia\u0142u w tych nabo\u017ce\u0144stwach zach\u0119cam wszystkich parafian: dzieci, m\u0142odzie\u017c i&nbsp;doros\u0142ych. Pami\u0119tajmy o&nbsp;osobistych umartwieniach, a tak\u017ce o specjalnych postanowieniach na Wielki Post.<\/p>\n\n\n\n<p>3. Przypominam, \u017ce w ka\u017cdy pi\u0105tek Wielkiego Postu za odm\u00f3wienie przed obrazem Jezusa ukrzy\u017cowanego po przyj\u0119ciu Komunii \u015awi\u0119tej modlitwy do Chrystusa ukrzy\u017cowanego: \u201eOto ja, dobry i najs\u0142odszy Jezu\u201d oraz za udzia\u0142 w Drodze krzy\u017cowej, a tak\u017ce w&nbsp;ka\u017cd\u0105 niedziel\u0119 za udzia\u0142 w nabo\u017ce\u0144stwie Gorzkich \u017cali oraz za odprawienie przynajmniej trzydniowych rekolekcji mo\u017cna uzyska\u0107 odpust zupe\u0142ny.<\/p>\n\n\n\n<p>4. W \u015brod\u0119 zapraszam na <strong>Nowenn\u0119 do Matki Bo\u017cej Nieustaj\u0105cej Pomocy<\/strong>, kt\u00f3r\u0105 odprawimy po Mszy \u015bw. o godz. 17.00.<\/p>\n\n\n\n<p>5. Zapraszam w czwartek od godz. 16.30 do 17.00 do naszego ko\u015bcio\u0142a na cotygodniow\u0105 adoracj\u0119 Pana Jezusa ukrytego w Naj\u015bwi\u0119tszym Sakramencie. <strong>W tym czasie okazja do Spowiedzi \u015bw<\/strong>.<\/p>\n\n\n\n<p>6. W tym czasie warto przypomnie\u0107 kilka my\u015bli zaczerpni\u0119tych z Dekretu Penitencjarii Apostolskiej na trwaj\u0105cy w Ko\u015bciele Rok \u015awi\u0119tego Franciszka. \u201eGdy mi\u0142o\u015b\u0107 chrze\u015bcija\u0144ska s\u0142abnie, szerzy si\u0119 ignorancja i z\u0142y przyk\u0142ad, a ci, kt\u00f3rzy wychwalaj\u0105 zgod\u0119 mi\u0119dzy narodami, czyni\u0105 to bardziej z egoizmu ni\u017c z autentycznego ducha chrze\u015bcija\u0144skiego; gdy \u015bwiat wirtualny g\u00f3ruje nad rzeczywisto\u015bci\u0105, spory i przemoc spo\u0142eczna staj\u0105 si\u0119 codzienno\u015bci\u0105, a&nbsp;pok\u00f3j jest coraz bardziej niepewny i odleg\u0142y, ten Rok \u015awi\u0119tego Franciszka niech pobudzi nas wszystkich, ka\u017cdego wed\u0142ug w\u0142asnych mo\u017cliwo\u015bci, do na\u015bladowania Biedaczyny z&nbsp;Asy\u017cu, do jak najpe\u0142niejszego upodabniania si\u0119 do Chrystusa i do tego, by nie zaprzepa\u015bci\u0107 postanowie\u0144 dopiero co prze\u017cytego Roku \u015awi\u0119tego: niech nadzieja, kt\u00f3ra uczyni\u0142a nas pielgrzymami, przemieni si\u0119 teraz w gorliwo\u015b\u0107 i zapa\u0142 czynnej mi\u0142o\u015bci\u201d.<\/p>\n\n\n\n<p>7. W sobot\u0119, 28 lutego na godz. 11.00 zapraszam do Szlachty <strong>m\u0142odzie\u017c<\/strong>, kt\u00f3ra 3 marca z r\u0105k Ksi\u0119dza Biskupa Diecezjalnego przyjmie sakrament Bierzmowania<strong> wraz z \u015bwiadkami<\/strong>. Obecno\u015b\u0107 jest obowi\u0105zkowa.<\/p>\n\n\n\n<p>8. Przysz\u0142a niedziela b\u0119dzie drug\u0105 niedziel\u0105 Wielkiego Postu. To tak zwana Niedziela <strong>Ad&nbsp;Gentes<\/strong>. Jest to Dzie\u0144 Modlitwy, Postu i Solidarno\u015bci z Misjonarzami. B\u0119dziemy si\u0119 modlili w&nbsp;intencji misji i misjonarzy, a po Mszach \u015awi\u0119tych ofiarami z\u0142o\u017conymi do puszek b\u0119dziemy mogli materialnie wesprze\u0107 dzie\u0142o misyjne Ko\u015bcio\u0142a.<\/p>\n\n\n\n<p>9. Dzi\u0119kuj\u0119 Pa\u0144stwu W\u0142och z Placu 1000-lecia oraz Gojke, Glaza i Labuda z Os. Ks. F. Czapli\u0144skiego za przygotowanie ko\u015bcio\u0142a na dzisiejsz\u0105 niedziel\u0119. W przysz\u0142ym tygodniu o przygotowanie ko\u015bcio\u0142a poprosz\u0119 Pa\u0144stwo Landowskich, Szumacher i W\u0142och z Os. Ks. F. Czapli\u0144skiego.<\/p>\n\n\n\n<p>10. Wszystkim, kt\u00f3rzy w tym tygodniu b\u0119d\u0105 \u015bwi\u0119towa\u0107 <strong>imieniny, urodziny<\/strong> oraz <strong>r\u00f3\u017cne jubileusze<\/strong> \u017cycz\u0119 obfito\u015bci Bo\u017cych dar\u00f3w oraz ws\u0142uchiwania si\u0119 w s\u0142owo Boga, kt\u00f3re daje prawdziwe \u017cycie.<\/p>\n\n\n\n<p><strong>Do zawarcia zwi\u0105zku ma\u0142\u017ce\u0144skiego przygotowuj\u0105 si\u0119:<\/strong><\/p>\n\n\n\n<p><em>Filip Mariusz Wolter, st. wol., par. \u015aliwice<\/em><\/p>\n\n\n\n<p><em>D\u017cesika Maria Bluma, st. wol., par. Osieczna&nbsp;&nbsp;&nbsp;&nbsp;&nbsp;&nbsp;&nbsp;&nbsp;&nbsp;&nbsp;&nbsp;&nbsp;&nbsp;&nbsp;&nbsp;&nbsp;&nbsp;&nbsp;&nbsp;&nbsp;&nbsp;&nbsp;&nbsp;&nbsp;&nbsp;&nbsp;&nbsp;&nbsp;&nbsp;&nbsp;&nbsp; ( zap. 2 )<\/em><em><\/em><\/p>\n","protected":false},"excerpt":{"rendered":"<p>l. Dzisiaj prze\u017cywamy pierwsz\u0105 niedziel\u0119 Wielkiego Postu. Ko\u0144cz\u0105 si\u0119 trwaj\u0105ce od \u015arody Popielcowej Kwartalne dni modlitw o ducha pokuty. Warto przytoczy\u0107 przy tej okazji s\u0142owa \u015awi\u0119tego Jana Paw\u0142a II: \u201eRozpoczynaj\u0105cy si\u0119 okres Wielkiego Postu jest okazj\u0105 do bardziej intensywnej modlitwy i wielkodusznej pokuty dla ub\u0142agania Boga o \u0142ask\u0119 nawr\u00f3cenia serc i&nbsp;dar pokoju w sprawiedliwo\u015bci dla [&hellip;]<\/p>\n","protected":false},"author":7,"featured_media":5261,"comment_status":"closed","ping_status":"closed","sticky":false,"template":"","format":"standard","meta":{"footnotes":""},"categories":[1],"tags":[],"class_list":["post-6167","post","type-post","status-publish","format-standard","has-post-thumbnail","hentry","category-ogloszenia-parafialne"],"yoast_head":"<!-- This site is optimized with the Yoast SEO plugin v19.7.1 - https:\/\/yoast.com\/wordpress\/plugins\/seo\/ -->\n<title>I NIEDZIELA WIELKIEGO POSTU \u2013 22 lutego 2026 - Parafia Niepokalanego Pocz\u0119cia Naj\u015bwi\u0119tszej Maryi Panny w Osiecznej<\/title>\n<meta name=\"robots\" content=\"index, follow, max-snippet:-1, max-image-preview:large, max-video-preview:-1\" \/>\n<link rel=\"canonical\" href=\"https:\/\/parafia-osieczna.pl\/?p=6167\" \/>\n<meta property=\"og:locale\" content=\"pl_PL\" \/>\n<meta property=\"og:type\" content=\"article\" \/>\n<meta property=\"og:title\" content=\"I NIEDZIELA WIELKIEGO POSTU \u2013 22 lutego 2026 - Parafia Niepokalanego Pocz\u0119cia Naj\u015bwi\u0119tszej Maryi Panny w Osiecznej\" \/>\n<meta property=\"og:description\" content=\"l. Dzisiaj prze\u017cywamy pierwsz\u0105 niedziel\u0119 Wielkiego Postu. Ko\u0144cz\u0105 si\u0119 trwaj\u0105ce od \u015arody Popielcowej Kwartalne dni modlitw o ducha pokuty. Warto przytoczy\u0107 przy tej okazji s\u0142owa \u015awi\u0119tego Jana Paw\u0142a II: \u201eRozpoczynaj\u0105cy si\u0119 okres Wielkiego Postu jest okazj\u0105 do bardziej intensywnej modlitwy i wielkodusznej pokuty dla ub\u0142agania Boga o \u0142ask\u0119 nawr\u00f3cenia serc i&nbsp;dar pokoju w sprawiedliwo\u015bci dla [&hellip;]\" \/>\n<meta property=\"og:url\" content=\"https:\/\/parafia-osieczna.pl\/?p=6167\" \/>\n<meta property=\"og:site_name\" content=\"Parafia Niepokalanego Pocz\u0119cia Naj\u015bwi\u0119tszej Maryi Panny w Osiecznej\" \/>\n<meta property=\"article:published_time\" content=\"2026-02-21T13:28:29+00:00\" \/>\n<meta property=\"article:modified_time\" content=\"2026-02-21T13:28:33+00:00\" \/>\n<meta property=\"og:image\" content=\"https:\/\/parafia-osieczna.pl\/wp-content\/uploads\/2023\/08\/Logo-Osieczna-4.png\" \/>\n\t<meta property=\"og:image:width\" content=\"1029\" \/>\n\t<meta property=\"og:image:height\" content=\"1029\" \/>\n\t<meta property=\"og:image:type\" content=\"image\/png\" \/>\n<meta name=\"author\" content=\"Grzegorz Kielas\" \/>\n<meta name=\"twitter:card\" content=\"summary_large_image\" \/>\n<meta name=\"twitter:label1\" content=\"Napisane przez\" \/>\n\t<meta name=\"twitter:data1\" content=\"Grzegorz Kielas\" \/>\n\t<meta name=\"twitter:label2\" content=\"Szacowany czas czytania\" \/>\n\t<meta name=\"twitter:data2\" content=\"4 minuty\" \/>\n<script type=\"application\/ld+json\" class=\"yoast-schema-graph\">{\"@context\":\"https:\/\/schema.org\",\"@graph\":[{\"@type\":\"WebPage\",\"@id\":\"https:\/\/parafia-osieczna.pl\/?p=6167\",\"url\":\"https:\/\/parafia-osieczna.pl\/?p=6167\",\"name\":\"I NIEDZIELA WIELKIEGO POSTU \u2013 22 lutego 2026 - Parafia Niepokalanego Pocz\u0119cia Naj\u015bwi\u0119tszej Maryi Panny w Osiecznej\",\"isPartOf\":{\"@id\":\"https:\/\/parafia-osieczna.pl\/#website\"},\"datePublished\":\"2026-02-21T13:28:29+00:00\",\"dateModified\":\"2026-02-21T13:28:33+00:00\",\"author\":{\"@id\":\"https:\/\/parafia-osieczna.pl\/#\/schema\/person\/4bb90f6872d84c4a549e48fbda6c58d6\"},\"breadcrumb\":{\"@id\":\"https:\/\/parafia-osieczna.pl\/?p=6167#breadcrumb\"},\"inLanguage\":\"pl-PL\",\"potentialAction\":[{\"@type\":\"ReadAction\",\"target\":[\"https:\/\/parafia-osieczna.pl\/?p=6167\"]}]},{\"@type\":\"BreadcrumbList\",\"@id\":\"https:\/\/parafia-osieczna.pl\/?p=6167#breadcrumb\",\"itemListElement\":[{\"@type\":\"ListItem\",\"position\":1,\"name\":\"Strona g\u0142\u00f3wna\",\"item\":\"https:\/\/parafia-osieczna.pl\/?page_id=206\"},{\"@type\":\"ListItem\",\"position\":2,\"name\":\"I NIEDZIELA WIELKIEGO POSTU \u2013 22 lutego 2026\"}]},{\"@type\":\"WebSite\",\"@id\":\"https:\/\/parafia-osieczna.pl\/#website\",\"url\":\"https:\/\/parafia-osieczna.pl\/\",\"name\":\"Parafia Niepokalanego Pocz\u0119cia Naj\u015bwi\u0119tszej Maryi Panny w Osiecznej\",\"description\":\"\",\"potentialAction\":[{\"@type\":\"SearchAction\",\"target\":{\"@type\":\"EntryPoint\",\"urlTemplate\":\"https:\/\/parafia-osieczna.pl\/?s={search_term_string}\"},\"query-input\":\"required name=search_term_string\"}],\"inLanguage\":\"pl-PL\"},{\"@type\":\"Person\",\"@id\":\"https:\/\/parafia-osieczna.pl\/#\/schema\/person\/4bb90f6872d84c4a549e48fbda6c58d6\",\"name\":\"Grzegorz Kielas\",\"image\":{\"@type\":\"ImageObject\",\"inLanguage\":\"pl-PL\",\"@id\":\"https:\/\/parafia-osieczna.pl\/#\/schema\/person\/image\/\",\"url\":\"https:\/\/secure.gravatar.com\/avatar\/033b8531a3bfe699d922bd205129822a7e9a0e4c373d517fae719e5e1ef3d15e?s=96&d=mm&r=g\",\"contentUrl\":\"https:\/\/secure.gravatar.com\/avatar\/033b8531a3bfe699d922bd205129822a7e9a0e4c373d517fae719e5e1ef3d15e?s=96&d=mm&r=g\",\"caption\":\"Grzegorz Kielas\"},\"sameAs\":[\"http:\/\/parafia-osieczna.pl\"],\"url\":\"https:\/\/parafia-osieczna.pl\/?author=7\"}]}<\/script>\n<!-- \/ Yoast SEO plugin. -->","yoast_head_json":{"title":"I NIEDZIELA WIELKIEGO POSTU \u2013 22 lutego 2026 - Parafia Niepokalanego Pocz\u0119cia Naj\u015bwi\u0119tszej Maryi Panny w Osiecznej","robots":{"index":"index","follow":"follow","max-snippet":"max-snippet:-1","max-image-preview":"max-image-preview:large","max-video-preview":"max-video-preview:-1"},"canonical":"https:\/\/parafia-osieczna.pl\/?p=6167","og_locale":"pl_PL","og_type":"article","og_title":"I NIEDZIELA WIELKIEGO POSTU \u2013 22 lutego 2026 - Parafia Niepokalanego Pocz\u0119cia Naj\u015bwi\u0119tszej Maryi Panny w Osiecznej","og_description":"l. Dzisiaj prze\u017cywamy pierwsz\u0105 niedziel\u0119 Wielkiego Postu. Ko\u0144cz\u0105 si\u0119 trwaj\u0105ce od \u015arody Popielcowej Kwartalne dni modlitw o ducha pokuty. Warto przytoczy\u0107 przy tej okazji s\u0142owa \u015awi\u0119tego Jana Paw\u0142a II: \u201eRozpoczynaj\u0105cy si\u0119 okres Wielkiego Postu jest okazj\u0105 do bardziej intensywnej modlitwy i wielkodusznej pokuty dla ub\u0142agania Boga o \u0142ask\u0119 nawr\u00f3cenia serc i&nbsp;dar pokoju w sprawiedliwo\u015bci dla [&hellip;]","og_url":"https:\/\/parafia-osieczna.pl\/?p=6167","og_site_name":"Parafia Niepokalanego Pocz\u0119cia Naj\u015bwi\u0119tszej Maryi Panny w Osiecznej","article_published_time":"2026-02-21T13:28:29+00:00","article_modified_time":"2026-02-21T13:28:33+00:00","og_image":[{"width":1029,"height":1029,"url":"https:\/\/parafia-osieczna.pl\/wp-content\/uploads\/2023\/08\/Logo-Osieczna-4.png","type":"image\/png"}],"author":"Grzegorz Kielas","twitter_card":"summary_large_image","twitter_misc":{"Napisane przez":"Grzegorz Kielas","Szacowany czas czytania":"4 minuty"},"schema":{"@context":"https:\/\/schema.org","@graph":[{"@type":"WebPage","@id":"https:\/\/parafia-osieczna.pl\/?p=6167","url":"https:\/\/parafia-osieczna.pl\/?p=6167","name":"I NIEDZIELA WIELKIEGO POSTU \u2013 22 lutego 2026 - Parafia Niepokalanego Pocz\u0119cia Naj\u015bwi\u0119tszej Maryi Panny w Osiecznej","isPartOf":{"@id":"https:\/\/parafia-osieczna.pl\/#website"},"datePublished":"2026-02-21T13:28:29+00:00","dateModified":"2026-02-21T13:28:33+00:00","author":{"@id":"https:\/\/parafia-osieczna.pl\/#\/schema\/person\/4bb90f6872d84c4a549e48fbda6c58d6"},"breadcrumb":{"@id":"https:\/\/parafia-osieczna.pl\/?p=6167#breadcrumb"},"inLanguage":"pl-PL","potentialAction":[{"@type":"ReadAction","target":["https:\/\/parafia-osieczna.pl\/?p=6167"]}]},{"@type":"BreadcrumbList","@id":"https:\/\/parafia-osieczna.pl\/?p=6167#breadcrumb","itemListElement":[{"@type":"ListItem","position":1,"name":"Strona g\u0142\u00f3wna","item":"https:\/\/parafia-osieczna.pl\/?page_id=206"},{"@type":"ListItem","position":2,"name":"I NIEDZIELA WIELKIEGO POSTU \u2013 22 lutego 2026"}]},{"@type":"WebSite","@id":"https:\/\/parafia-osieczna.pl\/#website","url":"https:\/\/parafia-osieczna.pl\/","name":"Parafia Niepokalanego Pocz\u0119cia Naj\u015bwi\u0119tszej Maryi Panny w Osiecznej","description":"","potentialAction":[{"@type":"SearchAction","target":{"@type":"EntryPoint","urlTemplate":"https:\/\/parafia-osieczna.pl\/?s={search_term_string}"},"query-input":"required name=search_term_string"}],"inLanguage":"pl-PL"},{"@type":"Person","@id":"https:\/\/parafia-osieczna.pl\/#\/schema\/person\/4bb90f6872d84c4a549e48fbda6c58d6","name":"Grzegorz Kielas","image":{"@type":"ImageObject","inLanguage":"pl-PL","@id":"https:\/\/parafia-osieczna.pl\/#\/schema\/person\/image\/","url":"https:\/\/secure.gravatar.com\/avatar\/033b8531a3bfe699d922bd205129822a7e9a0e4c373d517fae719e5e1ef3d15e?s=96&d=mm&r=g","contentUrl":"https:\/\/secure.gravatar.com\/avatar\/033b8531a3bfe699d922bd205129822a7e9a0e4c373d517fae719e5e1ef3d15e?s=96&d=mm&r=g","caption":"Grzegorz Kielas"},"sameAs":["http:\/\/parafia-osieczna.pl"],"url":"https:\/\/parafia-osieczna.pl\/?author=7"}]}},"_links":{"self":[{"href":"https:\/\/parafia-osieczna.pl\/index.php?rest_route=\/wp\/v2\/posts\/6167","targetHints":{"allow":["GET"]}}],"collection":[{"href":"https:\/\/parafia-osieczna.pl\/index.php?rest_route=\/wp\/v2\/posts"}],"about":[{"href":"https:\/\/parafia-osieczna.pl\/index.php?rest_route=\/wp\/v2\/types\/post"}],"author":[{"embeddable":true,"href":"https:\/\/parafia-osieczna.pl\/index.php?rest_route=\/wp\/v2\/users\/7"}],"replies":[{"embeddable":true,"href":"https:\/\/parafia-osieczna.pl\/index.php?rest_route=%2Fwp%2Fv2%2Fcomments&post=6167"}],"version-history":[{"count":1,"href":"https:\/\/parafia-osieczna.pl\/index.php?rest_route=\/wp\/v2\/posts\/6167\/revisions"}],"predecessor-version":[{"id":6168,"href":"https:\/\/parafia-osieczna.pl\/index.php?rest_route=\/wp\/v2\/posts\/6167\/revisions\/6168"}],"wp:featuredmedia":[{"embeddable":true,"href":"https:\/\/parafia-osieczna.pl\/index.php?rest_route=\/wp\/v2\/media\/5261"}],"wp:attachment":[{"href":"https:\/\/parafia-osieczna.pl\/index.php?rest_route=%2Fwp%2Fv2%2Fmedia&parent=6167"}],"wp:term":[{"taxonomy":"category","embeddable":true,"href":"https:\/\/parafia-osieczna.pl\/index.php?rest_route=%2Fwp%2Fv2%2Fcategories&post=6167"},{"taxonomy":"post_tag","embeddable":true,"href":"https:\/\/parafia-osieczna.pl\/index.php?rest_route=%2Fwp%2Fv2%2Ftags&post=6167"}],"curies":[{"name":"wp","href":"https:\/\/api.w.org\/{rel}","templated":true}]}}