{"id":6160,"date":"2026-02-14T13:24:57","date_gmt":"2026-02-14T12:24:57","guid":{"rendered":"https:\/\/parafia-osieczna.pl\/?p=6160"},"modified":"2026-02-14T14:47:43","modified_gmt":"2026-02-14T13:47:43","slug":"vi-niedziela-w-ciagu-roku-15-lutego-2026","status":"publish","type":"post","link":"https:\/\/parafia-osieczna.pl\/?p=6160","title":{"rendered":"VI NIEDZIELA w ci\u0105gu roku \u2013 15 lutego 2026"},"content":{"rendered":"\n<p>l. <strong>Ka\u017cda niedziela jest wyj\u0105tkow\u0105 okazj\u0105 do dojrzewania naszej wiary<\/strong>, do pog\u0142\u0119biania i&nbsp;zacie\u015bniania naszej osobistej relacji z Panem Bogiem. Jak\u017ce jest wa\u017cne, aby w tym procesie bra\u0142a udzia\u0142 ka\u017cda nasza rodzina i ca\u0142a wsp\u00f3lnota parafialna. Pozw\u00f3lmy Panu Jezusowi przemienia\u0107 nasze \u017cycie. Powierzajmy Mu trudy minionego tygodnia i nadzieje nadchodz\u0105cych dni. Niech On dzia\u0142a w naszych sercach, w\u00f3wczas codzienno\u015b\u0107 wype\u0142ni si\u0119 dobrem.<\/p>\n\n\n\n<p>2. Pami\u0119tajmy te\u017c, \u017ce <strong>tylko czerpi\u0105c obficie ze sto\u0142u s\u0142owa Bo\u017cego i sto\u0142u eucharystycznego, zostajemy uzdrowieni i umocnieni<\/strong>, aby \u015bwiadczy\u0107 o Chrystusie w\u015br\u00f3d tych, do kt\u00f3rych On nas posy\u0142a. Pami\u0119tajmy, \u017ce w ka\u017cdym spotkaniu drugi cz\u0142owiek potrzebuje naszej mi\u0142o\u015bci.<\/p>\n\n\n\n<p>3. Dzisiaj rozpoczynamy <strong>59. Tydzie\u0144 Modlitw o Trze\u017awo\u015b\u0107 Narodu<\/strong>. Ko\u015bci\u00f3\u0142 wzywa nas do szczeg\u00f3lnej indywidualnej i wsp\u00f3lnotowej modlitwy oraz do abstynencji, kt\u00f3r\u0105 mo\u017cemy ofiarowa\u0107 Panu Bogu jako wynagrodzenie za grzechy pija\u0144stwa innych os\u00f3b lub z pro\u015bb\u0105 o&nbsp;uwolnienie od tego na\u0142ogu bliskich czy znajomych. Zach\u0119cam wszystkich parafian do podj\u0119cia takiej dobrowolnej abstynencji od alkoholu i innych u\u017cywek nie tylko w ci\u0105gu tego wyj\u0105tkowego Tygodnia, ale nawet na d\u0142u\u017cszy okres dla ratowania ludzi uzale\u017cnionych, zw\u0142aszcza w naszej parafialnej wsp\u00f3lnocie.<\/p>\n\n\n\n<p>4. Ko\u0144czy si\u0119 ju\u017c tegoroczny karnawa\u0142. W tym tygodniu, 18 lutego, przypada <strong>\u015aroda Popielcowa<\/strong>. Otwiera ona \u015bwi\u0119ty, szczeg\u00f3lny czas Wielkiego Postu. Msze \u015awi\u0119te tego dnia w&nbsp;ko\u015bciele o godz. 10.00 i 17.00. Zewn\u0119trznym znakiem naszego wej\u015bcia na drog\u0119 pokuty i&nbsp;nawr\u00f3cenia jest posypanie g\u0142owy popio\u0142em. W kulturze Izraela gest ten by\u0142 wyrazem wielkiego smutku, \u017ca\u0142oby. Popi\u00f3\u0142 przypomina te\u017c, \u017ce wszystko, co ziemskie, powsta\u0142o z&nbsp;prochu ziemi i zn\u00f3w w&nbsp;proch si\u0119 obr\u00f3ci. Ten rozpad jest skutkiem grzechu. Jednak kap\u0142an, posypuj\u0105c g\u0142owy wiernych popio\u0142em, czyni nad nimi znak krzy\u017ca, kt\u00f3ry oznacza oczyszczenie i zmartwychwstanie. Zatem <strong>Wielki Post<\/strong> \u2013 czas pokuty, postu, wyrzecze\u0144 i&nbsp;modlitwy \u2013 ma s\u0142u\u017cy\u0107 naszemu nawr\u00f3ceniu, ma przygotowa\u0107 nasze serca na owocne prze\u017cycie radosnych \u015bwi\u0105t Zmartwychwstania Pa\u0144skiego.<\/p>\n\n\n\n<p>5. Pami\u0119tajmy, \u017ce <strong>w Popielec obowi\u0105zuje post \u015bcis\u0142y<\/strong>, polegaj\u0105cy na wstrzemi\u0119\u017aliwo\u015bci od pokarm\u00f3w mi\u0119snych i spo\u017cyciu jednego posi\u0142ku do syta w ci\u0105gu dnia. Pozosta\u0142e posi\u0142ki musz\u0105 zosta\u0107 ograniczone co do ilo\u015bci. Ten post obowi\u0105zuje wszystkich pomi\u0119dzy 18. a 60. rokiem \u017cycia. Pozosta\u0142ych wiernych zach\u0119camy tak\u017ce do czynnego w\u0142\u0105czenia si\u0119 w ten wielki akt pokutny, na miar\u0119 ich mo\u017cliwo\u015bci. Przypominam, \u017ce wszystkich od 14. roku \u017cycia obowi\u0105zuje wstrzemi\u0119\u017aliwo\u015b\u0107 od pokarm\u00f3w mi\u0119snych. Przypominam te\u017c, \u017ce Wielki Post jest tak zwanym \u201eczasem zakazanym\u201d dla wszelkich hucznych wesel, zabaw i dyskotek.<\/p>\n\n\n\n<p>6. Od \u015arody Popielcowej do pierwszej niedzieli Wielkiego Postu w\u0142\u0105cznie trwa\u0107 b\u0119d\u0105 <strong>Kwartalne dni modlitw o ducha pokuty<\/strong>. Wielki Post powinien by\u0107 naznaczony nasz\u0105 \u015bcis\u0142\u0105 wsp\u00f3\u0142prac\u0105 z&nbsp;Panem Bogiem, kt\u00f3ry \u201edaje nam si\u0142\u0119 zaczynania od nowa\u201d (KKK nr 1432).<\/p>\n\n\n\n<p>7. Nasze duchowe wielkopostne \u0107wiczenia wzmocni udzia\u0142 w nabo\u017ce\u0144stwach pasyjnych: w&nbsp;<strong>drodze krzy\u017cowej<\/strong>, kt\u00f3r\u0105 b\u0119dziemy celebrowali w pi\u0105tki o godz. 16.30, a tak\u017ce w <strong>gorzkich \u017calach<\/strong>, kt\u00f3re w niedziele Wielkiego Postu b\u0119dziemy \u015bpiewa\u0107 &#8211; jedn\u0105 cz\u0119\u015b\u0107 po ka\u017cdej Mszy \u015bw. Za udzia\u0142 w tych nabo\u017ce\u0144stw mo\u017cemy uzyska\u0107 odpust zupe\u0142ny, czyli darowanie przez Boga kary doczesnej za grzechy, kt\u00f3re zosta\u0142y odpuszczone co do winy. Odpust ten mo\u017cemy ofiarowa\u0107 za siebie lub za zmar\u0142ych. Do jego uzyskania konieczne jest spe\u0142nienie zwyk\u0142ych warunk\u00f3w, to jest: stan \u0142aski u\u015bwi\u0119caj\u0105cej, przyj\u0119cie w tym dniu Komunii \u015awi\u0119tej, modlitwa w intencjach wyznaczonych przez papie\u017ca, wyzbycie si\u0119 przywi\u0105zania do grzechy nawet lekkiego. Chciejmy obficie korzysta\u0107 z tego skarbca \u0142aski, jaki przez Ko\u015bci\u00f3\u0142 ofiaruje nam Pan B\u00f3g, aby przybli\u017cy\u0107 nas do siebie.<\/p>\n\n\n\n<p>8. Caritas Diecezji Pelpli\u0144skiej zwraca si\u0119 z pro\u015bb\u0105 o przekazanie 1,5% podatku dochodowego. Numer KRS 0000252333. Na stoliku pod ch\u00f3rem wy\u0142o\u017cone s\u0105 kartki z numerem KRS. Ze strony internetowej Caritas Diecezji Pelpli\u0144skiej mo\u017cna pobra\u0107 darmowy program do rozliczania podatku (www.pelplin.caritas.pl).<\/p>\n\n\n\n<p>W\u0142\u0105czmy si\u0119 jak najliczniej w to wielkie dzie\u0142o pomocy drugiemu cz\u0142owiekowi. Caritas pomaga dzieciom, codziennie wspiera niepe\u0142nosprawnych, chorych i ubogich, otacza opiek\u0105 osoby poszkodowane przez wojny i kl\u0119ski \u017cywio\u0142owe. Oka\u017cmy serce, tym kt\u00f3rzy potrzebuj\u0105 naszej pomocy. Za ka\u017cde wsparcie serdecznie dzi\u0119kujemy. A w ramach dzie\u0142 dobroczynnych przez ca\u0142y Wielki Post mo\u017cna sk\u0142ada\u0107 ofiary na danin\u0119 diecezjaln\u0105 i parafialn\u0105 \u2013 specjalne puszki wy\u0142o\u017cone s\u0105 na stoliku pod ch\u00f3rem, mo\u017cna je zabra\u0107 przy wyj\u015bciu, a zawarto\u015b\u0107 b\u0119dzie mo\u017cna przynie\u015b\u0107 do ko\u015bcio\u0142a w Wielk\u0105 Sobot\u0119 podczas \u015bwi\u0119cenia pokarm\u00f3w.<\/p>\n\n\n\n<p>9. Diecezja Pelpli\u0144ska od pocz\u0105tku w\u0142\u0105cza si\u0119 w akcj\u0119 pomocy i solidarno\u015bci z mieszka\u0144cami Ukrainy. Kontynuuj\u0105c to dzie\u0142o i odpowiadaj\u0105c na apel Przewodnicz\u0105cego KEP i Caritas Polska, biskup pelpli\u0144ski Ryszard Kasyna zwraca si\u0119 z pro\u015bb\u0105 o zorganizowanie na ten cel we wszystkich parafiach naszej diecezji zbi\u00f3rki pieni\u0119\u017cnej, po ka\u017cdej Mszy \u015awi\u0119tej, w niedziel\u0119 15 lutego 2026 r. Pod ch\u00f3rem wystawione s\u0105 puszki na ten cel.<\/p>\n\n\n\n<p>10. Dzi\u0119kuj\u0119 Pa\u0144stwu Czarneckim i Andrearczyk z ul. Podg\u00f3rnej. za przygotowanie ko\u015bcio\u0142a na dzisiejsz\u0105 niedziel\u0119. W przysz\u0142ym tygodniu o przygotowanie ko\u015bcio\u0142a poprosz\u0119 Pa\u0144stwo W\u0142och z Placu 1000-lecia oraz Gojke, Glaza i Labuda z Os. Ks. F. Czapli\u0144skiego.<\/p>\n\n\n\n<p>11. Zach\u0119cam do lektury prasy katolickiej. Do nabycia dzisiaj nowy numer dwutygodnika diecezjalnego: \u201ePielgrzym\u201d<\/p>\n\n\n\n<p>12. Wszystkim jubilatom i solenizantom tego tygodnia \u017cycz\u0119 post\u0119p\u00f3w w rozumieniu tajemnicy Chrystusa oraz do\u015bwiadczenia blisko\u015bci Pana i mocy Jego s\u0142owa w codziennym \u017cyciu.<\/p>\n\n\n\n<p><strong>Do zawarcia zwi\u0105zku ma\u0142\u017ce\u0144skiego przygotowuj\u0105 si\u0119:<\/strong><\/p>\n\n\n\n<p><em>Filip Mariusz Wolter, st. wol., par. \u015aliwice<\/em><\/p>\n\n\n\n<p><em>D\u017cesika Maria Bluma, st. wol., par. Osieczna&nbsp;&nbsp;&nbsp;&nbsp;&nbsp;&nbsp;&nbsp;&nbsp;&nbsp;&nbsp;&nbsp;&nbsp;&nbsp;&nbsp;&nbsp;&nbsp;&nbsp;&nbsp;&nbsp;&nbsp;&nbsp;&nbsp;&nbsp;&nbsp;&nbsp;&nbsp;&nbsp;&nbsp;&nbsp;&nbsp;&nbsp; ( zap. 1 )<\/em><em><\/em><\/p>\n","protected":false},"excerpt":{"rendered":"<p>l. Ka\u017cda niedziela jest wyj\u0105tkow\u0105 okazj\u0105 do dojrzewania naszej wiary, do pog\u0142\u0119biania i&nbsp;zacie\u015bniania naszej osobistej relacji z Panem Bogiem. Jak\u017ce jest wa\u017cne, aby w tym procesie bra\u0142a udzia\u0142 ka\u017cda nasza rodzina i ca\u0142a wsp\u00f3lnota parafialna. Pozw\u00f3lmy Panu Jezusowi przemienia\u0107 nasze \u017cycie. Powierzajmy Mu trudy minionego tygodnia i nadzieje nadchodz\u0105cych dni. Niech On dzia\u0142a w naszych [&hellip;]<\/p>\n","protected":false},"author":7,"featured_media":5261,"comment_status":"closed","ping_status":"closed","sticky":false,"template":"","format":"standard","meta":{"footnotes":""},"categories":[1],"tags":[],"class_list":["post-6160","post","type-post","status-publish","format-standard","has-post-thumbnail","hentry","category-ogloszenia-parafialne"],"yoast_head":"<!-- This site is optimized with the Yoast SEO plugin v19.7.1 - https:\/\/yoast.com\/wordpress\/plugins\/seo\/ -->\n<title>VI NIEDZIELA w ci\u0105gu roku \u2013 15 lutego 2026 - Parafia Niepokalanego Pocz\u0119cia Naj\u015bwi\u0119tszej Maryi Panny w Osiecznej<\/title>\n<meta name=\"robots\" content=\"index, follow, max-snippet:-1, max-image-preview:large, max-video-preview:-1\" \/>\n<link rel=\"canonical\" href=\"https:\/\/parafia-osieczna.pl\/?p=6160\" \/>\n<meta property=\"og:locale\" content=\"pl_PL\" \/>\n<meta property=\"og:type\" content=\"article\" \/>\n<meta property=\"og:title\" content=\"VI NIEDZIELA w ci\u0105gu roku \u2013 15 lutego 2026 - Parafia Niepokalanego Pocz\u0119cia Naj\u015bwi\u0119tszej Maryi Panny w Osiecznej\" \/>\n<meta property=\"og:description\" content=\"l. Ka\u017cda niedziela jest wyj\u0105tkow\u0105 okazj\u0105 do dojrzewania naszej wiary, do pog\u0142\u0119biania i&nbsp;zacie\u015bniania naszej osobistej relacji z Panem Bogiem. Jak\u017ce jest wa\u017cne, aby w tym procesie bra\u0142a udzia\u0142 ka\u017cda nasza rodzina i ca\u0142a wsp\u00f3lnota parafialna. Pozw\u00f3lmy Panu Jezusowi przemienia\u0107 nasze \u017cycie. Powierzajmy Mu trudy minionego tygodnia i nadzieje nadchodz\u0105cych dni. Niech On dzia\u0142a w naszych [&hellip;]\" \/>\n<meta property=\"og:url\" content=\"https:\/\/parafia-osieczna.pl\/?p=6160\" \/>\n<meta property=\"og:site_name\" content=\"Parafia Niepokalanego Pocz\u0119cia Naj\u015bwi\u0119tszej Maryi Panny w Osiecznej\" \/>\n<meta property=\"article:published_time\" content=\"2026-02-14T12:24:57+00:00\" \/>\n<meta property=\"article:modified_time\" content=\"2026-02-14T13:47:43+00:00\" \/>\n<meta property=\"og:image\" content=\"https:\/\/parafia-osieczna.pl\/wp-content\/uploads\/2023\/08\/Logo-Osieczna-4.png\" \/>\n\t<meta property=\"og:image:width\" content=\"1029\" \/>\n\t<meta property=\"og:image:height\" content=\"1029\" \/>\n\t<meta property=\"og:image:type\" content=\"image\/png\" \/>\n<meta name=\"author\" content=\"Grzegorz Kielas\" \/>\n<meta name=\"twitter:card\" content=\"summary_large_image\" \/>\n<meta name=\"twitter:label1\" content=\"Napisane przez\" \/>\n\t<meta name=\"twitter:data1\" content=\"Grzegorz Kielas\" \/>\n\t<meta name=\"twitter:label2\" content=\"Szacowany czas czytania\" \/>\n\t<meta name=\"twitter:data2\" content=\"5 minut\" \/>\n<script type=\"application\/ld+json\" class=\"yoast-schema-graph\">{\"@context\":\"https:\/\/schema.org\",\"@graph\":[{\"@type\":\"WebPage\",\"@id\":\"https:\/\/parafia-osieczna.pl\/?p=6160\",\"url\":\"https:\/\/parafia-osieczna.pl\/?p=6160\",\"name\":\"VI NIEDZIELA w ci\u0105gu roku \u2013 15 lutego 2026 - Parafia Niepokalanego Pocz\u0119cia Naj\u015bwi\u0119tszej Maryi Panny w Osiecznej\",\"isPartOf\":{\"@id\":\"https:\/\/parafia-osieczna.pl\/#website\"},\"datePublished\":\"2026-02-14T12:24:57+00:00\",\"dateModified\":\"2026-02-14T13:47:43+00:00\",\"author\":{\"@id\":\"https:\/\/parafia-osieczna.pl\/#\/schema\/person\/4bb90f6872d84c4a549e48fbda6c58d6\"},\"breadcrumb\":{\"@id\":\"https:\/\/parafia-osieczna.pl\/?p=6160#breadcrumb\"},\"inLanguage\":\"pl-PL\",\"potentialAction\":[{\"@type\":\"ReadAction\",\"target\":[\"https:\/\/parafia-osieczna.pl\/?p=6160\"]}]},{\"@type\":\"BreadcrumbList\",\"@id\":\"https:\/\/parafia-osieczna.pl\/?p=6160#breadcrumb\",\"itemListElement\":[{\"@type\":\"ListItem\",\"position\":1,\"name\":\"Strona g\u0142\u00f3wna\",\"item\":\"https:\/\/parafia-osieczna.pl\/?page_id=206\"},{\"@type\":\"ListItem\",\"position\":2,\"name\":\"VI NIEDZIELA w ci\u0105gu roku \u2013 15 lutego 2026\"}]},{\"@type\":\"WebSite\",\"@id\":\"https:\/\/parafia-osieczna.pl\/#website\",\"url\":\"https:\/\/parafia-osieczna.pl\/\",\"name\":\"Parafia Niepokalanego Pocz\u0119cia Naj\u015bwi\u0119tszej Maryi Panny w Osiecznej\",\"description\":\"\",\"potentialAction\":[{\"@type\":\"SearchAction\",\"target\":{\"@type\":\"EntryPoint\",\"urlTemplate\":\"https:\/\/parafia-osieczna.pl\/?s={search_term_string}\"},\"query-input\":\"required name=search_term_string\"}],\"inLanguage\":\"pl-PL\"},{\"@type\":\"Person\",\"@id\":\"https:\/\/parafia-osieczna.pl\/#\/schema\/person\/4bb90f6872d84c4a549e48fbda6c58d6\",\"name\":\"Grzegorz Kielas\",\"image\":{\"@type\":\"ImageObject\",\"inLanguage\":\"pl-PL\",\"@id\":\"https:\/\/parafia-osieczna.pl\/#\/schema\/person\/image\/\",\"url\":\"https:\/\/secure.gravatar.com\/avatar\/033b8531a3bfe699d922bd205129822a7e9a0e4c373d517fae719e5e1ef3d15e?s=96&d=mm&r=g\",\"contentUrl\":\"https:\/\/secure.gravatar.com\/avatar\/033b8531a3bfe699d922bd205129822a7e9a0e4c373d517fae719e5e1ef3d15e?s=96&d=mm&r=g\",\"caption\":\"Grzegorz Kielas\"},\"sameAs\":[\"http:\/\/parafia-osieczna.pl\"],\"url\":\"https:\/\/parafia-osieczna.pl\/?author=7\"}]}<\/script>\n<!-- \/ Yoast SEO plugin. -->","yoast_head_json":{"title":"VI NIEDZIELA w ci\u0105gu roku \u2013 15 lutego 2026 - Parafia Niepokalanego Pocz\u0119cia Naj\u015bwi\u0119tszej Maryi Panny w Osiecznej","robots":{"index":"index","follow":"follow","max-snippet":"max-snippet:-1","max-image-preview":"max-image-preview:large","max-video-preview":"max-video-preview:-1"},"canonical":"https:\/\/parafia-osieczna.pl\/?p=6160","og_locale":"pl_PL","og_type":"article","og_title":"VI NIEDZIELA w ci\u0105gu roku \u2013 15 lutego 2026 - Parafia Niepokalanego Pocz\u0119cia Naj\u015bwi\u0119tszej Maryi Panny w Osiecznej","og_description":"l. Ka\u017cda niedziela jest wyj\u0105tkow\u0105 okazj\u0105 do dojrzewania naszej wiary, do pog\u0142\u0119biania i&nbsp;zacie\u015bniania naszej osobistej relacji z Panem Bogiem. Jak\u017ce jest wa\u017cne, aby w tym procesie bra\u0142a udzia\u0142 ka\u017cda nasza rodzina i ca\u0142a wsp\u00f3lnota parafialna. Pozw\u00f3lmy Panu Jezusowi przemienia\u0107 nasze \u017cycie. Powierzajmy Mu trudy minionego tygodnia i nadzieje nadchodz\u0105cych dni. Niech On dzia\u0142a w naszych [&hellip;]","og_url":"https:\/\/parafia-osieczna.pl\/?p=6160","og_site_name":"Parafia Niepokalanego Pocz\u0119cia Naj\u015bwi\u0119tszej Maryi Panny w Osiecznej","article_published_time":"2026-02-14T12:24:57+00:00","article_modified_time":"2026-02-14T13:47:43+00:00","og_image":[{"width":1029,"height":1029,"url":"https:\/\/parafia-osieczna.pl\/wp-content\/uploads\/2023\/08\/Logo-Osieczna-4.png","type":"image\/png"}],"author":"Grzegorz Kielas","twitter_card":"summary_large_image","twitter_misc":{"Napisane przez":"Grzegorz Kielas","Szacowany czas czytania":"5 minut"},"schema":{"@context":"https:\/\/schema.org","@graph":[{"@type":"WebPage","@id":"https:\/\/parafia-osieczna.pl\/?p=6160","url":"https:\/\/parafia-osieczna.pl\/?p=6160","name":"VI NIEDZIELA w ci\u0105gu roku \u2013 15 lutego 2026 - Parafia Niepokalanego Pocz\u0119cia Naj\u015bwi\u0119tszej Maryi Panny w Osiecznej","isPartOf":{"@id":"https:\/\/parafia-osieczna.pl\/#website"},"datePublished":"2026-02-14T12:24:57+00:00","dateModified":"2026-02-14T13:47:43+00:00","author":{"@id":"https:\/\/parafia-osieczna.pl\/#\/schema\/person\/4bb90f6872d84c4a549e48fbda6c58d6"},"breadcrumb":{"@id":"https:\/\/parafia-osieczna.pl\/?p=6160#breadcrumb"},"inLanguage":"pl-PL","potentialAction":[{"@type":"ReadAction","target":["https:\/\/parafia-osieczna.pl\/?p=6160"]}]},{"@type":"BreadcrumbList","@id":"https:\/\/parafia-osieczna.pl\/?p=6160#breadcrumb","itemListElement":[{"@type":"ListItem","position":1,"name":"Strona g\u0142\u00f3wna","item":"https:\/\/parafia-osieczna.pl\/?page_id=206"},{"@type":"ListItem","position":2,"name":"VI NIEDZIELA w ci\u0105gu roku \u2013 15 lutego 2026"}]},{"@type":"WebSite","@id":"https:\/\/parafia-osieczna.pl\/#website","url":"https:\/\/parafia-osieczna.pl\/","name":"Parafia Niepokalanego Pocz\u0119cia Naj\u015bwi\u0119tszej Maryi Panny w Osiecznej","description":"","potentialAction":[{"@type":"SearchAction","target":{"@type":"EntryPoint","urlTemplate":"https:\/\/parafia-osieczna.pl\/?s={search_term_string}"},"query-input":"required name=search_term_string"}],"inLanguage":"pl-PL"},{"@type":"Person","@id":"https:\/\/parafia-osieczna.pl\/#\/schema\/person\/4bb90f6872d84c4a549e48fbda6c58d6","name":"Grzegorz Kielas","image":{"@type":"ImageObject","inLanguage":"pl-PL","@id":"https:\/\/parafia-osieczna.pl\/#\/schema\/person\/image\/","url":"https:\/\/secure.gravatar.com\/avatar\/033b8531a3bfe699d922bd205129822a7e9a0e4c373d517fae719e5e1ef3d15e?s=96&d=mm&r=g","contentUrl":"https:\/\/secure.gravatar.com\/avatar\/033b8531a3bfe699d922bd205129822a7e9a0e4c373d517fae719e5e1ef3d15e?s=96&d=mm&r=g","caption":"Grzegorz Kielas"},"sameAs":["http:\/\/parafia-osieczna.pl"],"url":"https:\/\/parafia-osieczna.pl\/?author=7"}]}},"_links":{"self":[{"href":"https:\/\/parafia-osieczna.pl\/index.php?rest_route=\/wp\/v2\/posts\/6160","targetHints":{"allow":["GET"]}}],"collection":[{"href":"https:\/\/parafia-osieczna.pl\/index.php?rest_route=\/wp\/v2\/posts"}],"about":[{"href":"https:\/\/parafia-osieczna.pl\/index.php?rest_route=\/wp\/v2\/types\/post"}],"author":[{"embeddable":true,"href":"https:\/\/parafia-osieczna.pl\/index.php?rest_route=\/wp\/v2\/users\/7"}],"replies":[{"embeddable":true,"href":"https:\/\/parafia-osieczna.pl\/index.php?rest_route=%2Fwp%2Fv2%2Fcomments&post=6160"}],"version-history":[{"count":3,"href":"https:\/\/parafia-osieczna.pl\/index.php?rest_route=\/wp\/v2\/posts\/6160\/revisions"}],"predecessor-version":[{"id":6165,"href":"https:\/\/parafia-osieczna.pl\/index.php?rest_route=\/wp\/v2\/posts\/6160\/revisions\/6165"}],"wp:featuredmedia":[{"embeddable":true,"href":"https:\/\/parafia-osieczna.pl\/index.php?rest_route=\/wp\/v2\/media\/5261"}],"wp:attachment":[{"href":"https:\/\/parafia-osieczna.pl\/index.php?rest_route=%2Fwp%2Fv2%2Fmedia&parent=6160"}],"wp:term":[{"taxonomy":"category","embeddable":true,"href":"https:\/\/parafia-osieczna.pl\/index.php?rest_route=%2Fwp%2Fv2%2Fcategories&post=6160"},{"taxonomy":"post_tag","embeddable":true,"href":"https:\/\/parafia-osieczna.pl\/index.php?rest_route=%2Fwp%2Fv2%2Ftags&post=6160"}],"curies":[{"name":"wp","href":"https:\/\/api.w.org\/{rel}","templated":true}]}}