{"id":6125,"date":"2026-01-03T15:12:16","date_gmt":"2026-01-03T14:12:16","guid":{"rendered":"https:\/\/parafia-osieczna.pl\/?p=6125"},"modified":"2026-01-04T06:41:26","modified_gmt":"2026-01-04T05:41:26","slug":"5-01-2026-r-11-01-2026-r","status":"publish","type":"post","link":"https:\/\/parafia-osieczna.pl\/?p=6125","title":{"rendered":"5.01.2026 r. \u2013 11.01.2026 r."},"content":{"rendered":"\n<p>Poniedzia\u0142ek &nbsp;\u2013 5 stycznia 2026 r.<\/p>\n\n\n\n<p>Godz. 9.00 \u2013 za \u015bp. Matyld\u0119 Glaza \u2013 int. Zak\u0142adu Pogrzebowego Bemar z \u0141\u0119ga<\/p>\n\n\n\n<p>Godz. 9.45 &#8211; O zdrowie i ulg\u0119 w cierpieniu dla Halinki i Honoraty<\/p>\n\n\n\n<p>&#8212;&#8212;&#8212;&#8212;&#8212;&#8212;&#8212;&#8212;&#8212;&#8212;&#8212;&#8212;&#8212;&#8212;&#8212;&#8212;&#8212;&#8212;&#8212;&#8212;&#8212;&#8212;&#8212;&#8212;&#8211;<\/p>\n\n\n\n<p>Wtorek \u2013 6 stycznia 2026 r. \u2013 <strong>OBJAWIENIE PA\u0143SKIE<\/strong> \/ Trzech Kr\u00f3li<\/p>\n\n\n\n<p>Godz. 8.00 \u2013 za \u015bp. m\u0119\u017ca ojca i dziadka: Zygmunta \u2013 w 17 rocznic\u0119 \u015bmierci, brata: Zygmunta, szwagr\u00f3w: Andrzeja i Jana oraz Alicj\u0119<\/p>\n\n\n\n<p>Godz. 9.30 \u2013 Z podzi\u0119kowaniem za odebrane \u0142aski, z pro\u015bb\u0105 o dalsze b\u0142ogos\u0142awie\u0144stwo Bo\u017ce i zdrowie dla ca\u0142ej rodziny Stoltmann<\/p>\n\n\n\n<p>Godz. 11.00 \u2013 za \u015bp. mam\u0119: Helen\u0119 Mo\u017cuch \u2013 w rocznic\u0119 urodzin, ojca: Jana Tilsen, Jadwig\u0119 i Leona Chy\u0142a oraz zmar\u0142ych z rodziny&nbsp; &nbsp;&nbsp;<\/p>\n\n\n\n<p>&#8212;&#8212;&#8212;&#8212;&#8212;&#8212;&#8212;&#8212;&#8212;&#8212;&#8212;&#8212;&#8212;&#8212;&#8212;&#8212;&#8212;&#8212;&#8212;&#8212;&#8212;&#8212;&#8212;&#8212;&#8211;<\/p>\n\n\n\n<p>\u015aroda \u2013 7 stycznia 2026 r.<\/p>\n\n\n\n<p>Godz. 9.00 \u2013 za \u015bp. ojca: Jerzego \u2013 w 5 rocznic\u0119 \u015bmierci i matk\u0119: Marcel\u0119 Koseckich, ich rodzic\u00f3w i rodze\u0144stwo<\/p>\n\n\n\n<p>Czwartek \u2013 8 stycznia 2026 r.<\/p>\n\n\n\n<p>Godz. 9.00 \u2013 za \u015bp. Krystyn\u0119 Wo\u017aniak \u2013 int. Zak\u0142adu Pogrzebowego Bemar z \u0141\u0119ga<\/p>\n\n\n\n<p>&#8212;&#8212;&#8212;&#8212;&#8212;&#8212;&#8212;&#8212;&#8212;&#8212;&#8212;&#8212;&#8212;&#8212;&#8212;&#8212;&#8212;&#8212;&#8212;&#8212;&#8212;&#8212;&#8212;&#8212;&#8211;<\/p>\n\n\n\n<p>Pi\u0105tek \u2013 9 stycznia 2026 r.<\/p>\n\n\n\n<p>Godz. 9.00 \u2013 za \u015bp. Iren\u0119 Gaca \u2013 int. Zak\u0142adu Pogrzebowego Bemar z \u0141\u0119ga<\/p>\n\n\n\n<p>&#8212;&#8212;&#8212;&#8212;&#8212;&#8212;&#8212;&#8212;&#8212;&#8212;&#8212;&#8212;&#8212;&#8212;&#8212;&#8212;&#8212;&#8212;&#8212;&#8212;&#8212;&#8212;&#8212;&#8212;&#8211;<\/p>\n\n\n\n<p>Sobota \u2013 10 stycznia 2026 r.<\/p>\n\n\n\n<p>Godz. 8.00 \u2013 za \u015bp. rodzic\u00f3w: Helen\u0119 i Henryka, Stefani\u0119 i Boles\u0142awa, braci: Tomasza, Jana i Henryka oraz dziadk\u00f3w z obojga stron<\/p>\n\n\n\n<p>Godz. 17.00 \u2013 za \u015bp. Krystyn\u0119 Bareck\u0105 \u2013 w 5 rocznic\u0119 \u015bmierci i rodzic\u00f3w obojga stron<\/p>\n\n\n\n<p>&#8212;&#8212;&#8212;&#8212;&#8212;&#8212;&#8212;&#8212;&#8212;&#8212;&#8212;&#8212;&#8212;&#8212;&#8212;&#8212;&#8212;&#8212;&#8212;&#8212;&#8212;&#8212;&#8212;&#8212;&#8211;<\/p>\n\n\n\n<p>Niedziela \u2013 11 stycznia 2026 r. \u2013 <strong>Niedziela CHRZTU PA\u0143SKIEGO<\/strong><\/p>\n\n\n\n<p>Godz. 8.00 \u2013 Z podzi\u0119kowaniem Panu Bogu i Matce Naj\u015bwi\u0119tszej za szcz\u0119\u015bliwie prze\u017cyty rok, z pro\u015bb\u0105 o b\u0142ogos\u0142awie\u0144stwo Bo\u017ce dla cz\u0142onk\u00f3w R\u00f3\u017cy mieszanej<\/p>\n\n\n\n<p>Godz. 9.30 \u2013 za \u015bp. rodzic\u00f3w: Mari\u0119 i Jana Glaza, m\u0119\u017ca: Henryka i dziadk\u00f3w z obojga stron<\/p>\n\n\n\n<p>Godz. 11.00 \u2013 za \u015bp. mam\u0119: Mari\u0119 \u2013 w 10 rocznic\u0119 \u015bmierci i ojca: Henryka Glaza<\/p>\n\n\n\n<p>&#8212;&#8212;&#8212;&#8212;&#8212;&#8212;&#8212;&#8212;&#8212;&#8212;&#8212;&#8212;&#8212;&#8212;&#8212;&#8212;&#8212;&#8212;&#8212;&#8212;&#8212;&#8212;&#8212;&#8212;&#8211;<\/p>\n","protected":false},"excerpt":{"rendered":"<p>Poniedzia\u0142ek &nbsp;\u2013 5 stycznia 2026 r. Godz. 9.00 \u2013 za \u015bp. Matyld\u0119 Glaza \u2013 int. Zak\u0142adu Pogrzebowego Bemar z \u0141\u0119ga Godz. 9.45 &#8211; O zdrowie i ulg\u0119 w cierpieniu dla Halinki i Honoraty &#8212;&#8212;&#8212;&#8212;&#8212;&#8212;&#8212;&#8212;&#8212;&#8212;&#8212;&#8212;&#8212;&#8212;&#8212;&#8212;&#8212;&#8212;&#8212;&#8212;&#8212;&#8212;&#8212;&#8212;&#8211; Wtorek \u2013 6 stycznia 2026 r. \u2013 OBJAWIENIE PA\u0143SKIE \/ Trzech Kr\u00f3li Godz. 8.00 \u2013 za \u015bp. m\u0119\u017ca ojca i dziadka: [&hellip;]<\/p>\n","protected":false},"author":7,"featured_media":5261,"comment_status":"closed","ping_status":"closed","sticky":false,"template":"","format":"standard","meta":{"footnotes":""},"categories":[76],"tags":[],"class_list":["post-6125","post","type-post","status-publish","format-standard","has-post-thumbnail","hentry","category-intencje-mszalne"],"yoast_head":"<!-- This site is optimized with the Yoast SEO plugin v19.7.1 - https:\/\/yoast.com\/wordpress\/plugins\/seo\/ -->\n<title>5.01.2026 r. \u2013 11.01.2026 r. - Parafia Niepokalanego Pocz\u0119cia Naj\u015bwi\u0119tszej Maryi Panny w Osiecznej<\/title>\n<meta name=\"robots\" content=\"index, follow, max-snippet:-1, max-image-preview:large, max-video-preview:-1\" \/>\n<link rel=\"canonical\" href=\"https:\/\/parafia-osieczna.pl\/?p=6125\" \/>\n<meta property=\"og:locale\" content=\"pl_PL\" \/>\n<meta property=\"og:type\" content=\"article\" \/>\n<meta property=\"og:title\" content=\"5.01.2026 r. \u2013 11.01.2026 r. - Parafia Niepokalanego Pocz\u0119cia Naj\u015bwi\u0119tszej Maryi Panny w Osiecznej\" \/>\n<meta property=\"og:description\" content=\"Poniedzia\u0142ek &nbsp;\u2013 5 stycznia 2026 r. Godz. 9.00 \u2013 za \u015bp. Matyld\u0119 Glaza \u2013 int. Zak\u0142adu Pogrzebowego Bemar z \u0141\u0119ga Godz. 9.45 &#8211; O zdrowie i ulg\u0119 w cierpieniu dla Halinki i Honoraty &#8212;&#8212;&#8212;&#8212;&#8212;&#8212;&#8212;&#8212;&#8212;&#8212;&#8212;&#8212;&#8212;&#8212;&#8212;&#8212;&#8212;&#8212;&#8212;&#8212;&#8212;&#8212;&#8212;&#8212;&#8211; Wtorek \u2013 6 stycznia 2026 r. \u2013 OBJAWIENIE PA\u0143SKIE \/ Trzech Kr\u00f3li Godz. 8.00 \u2013 za \u015bp. m\u0119\u017ca ojca i dziadka: [&hellip;]\" \/>\n<meta property=\"og:url\" content=\"https:\/\/parafia-osieczna.pl\/?p=6125\" \/>\n<meta property=\"og:site_name\" content=\"Parafia Niepokalanego Pocz\u0119cia Naj\u015bwi\u0119tszej Maryi Panny w Osiecznej\" \/>\n<meta property=\"article:published_time\" content=\"2026-01-03T14:12:16+00:00\" \/>\n<meta property=\"article:modified_time\" content=\"2026-01-04T05:41:26+00:00\" \/>\n<meta property=\"og:image\" content=\"https:\/\/parafia-osieczna.pl\/wp-content\/uploads\/2023\/08\/Logo-Osieczna-4.png\" \/>\n\t<meta property=\"og:image:width\" content=\"1029\" \/>\n\t<meta property=\"og:image:height\" content=\"1029\" \/>\n\t<meta property=\"og:image:type\" content=\"image\/png\" \/>\n<meta name=\"author\" content=\"Grzegorz Kielas\" \/>\n<meta name=\"twitter:card\" content=\"summary_large_image\" \/>\n<meta name=\"twitter:label1\" content=\"Napisane przez\" \/>\n\t<meta name=\"twitter:data1\" content=\"Grzegorz Kielas\" \/>\n\t<meta name=\"twitter:label2\" content=\"Szacowany czas czytania\" \/>\n\t<meta name=\"twitter:data2\" content=\"2 minuty\" \/>\n<script type=\"application\/ld+json\" class=\"yoast-schema-graph\">{\"@context\":\"https:\/\/schema.org\",\"@graph\":[{\"@type\":\"WebPage\",\"@id\":\"https:\/\/parafia-osieczna.pl\/?p=6125\",\"url\":\"https:\/\/parafia-osieczna.pl\/?p=6125\",\"name\":\"5.01.2026 r. \u2013 11.01.2026 r. - Parafia Niepokalanego Pocz\u0119cia Naj\u015bwi\u0119tszej Maryi Panny w Osiecznej\",\"isPartOf\":{\"@id\":\"https:\/\/parafia-osieczna.pl\/#website\"},\"datePublished\":\"2026-01-03T14:12:16+00:00\",\"dateModified\":\"2026-01-04T05:41:26+00:00\",\"author\":{\"@id\":\"https:\/\/parafia-osieczna.pl\/#\/schema\/person\/4bb90f6872d84c4a549e48fbda6c58d6\"},\"breadcrumb\":{\"@id\":\"https:\/\/parafia-osieczna.pl\/?p=6125#breadcrumb\"},\"inLanguage\":\"pl-PL\",\"potentialAction\":[{\"@type\":\"ReadAction\",\"target\":[\"https:\/\/parafia-osieczna.pl\/?p=6125\"]}]},{\"@type\":\"BreadcrumbList\",\"@id\":\"https:\/\/parafia-osieczna.pl\/?p=6125#breadcrumb\",\"itemListElement\":[{\"@type\":\"ListItem\",\"position\":1,\"name\":\"Strona g\u0142\u00f3wna\",\"item\":\"https:\/\/parafia-osieczna.pl\/?page_id=206\"},{\"@type\":\"ListItem\",\"position\":2,\"name\":\"5.01.2026 r. \u2013 11.01.2026 r.\"}]},{\"@type\":\"WebSite\",\"@id\":\"https:\/\/parafia-osieczna.pl\/#website\",\"url\":\"https:\/\/parafia-osieczna.pl\/\",\"name\":\"Parafia Niepokalanego Pocz\u0119cia Naj\u015bwi\u0119tszej Maryi Panny w Osiecznej\",\"description\":\"\",\"potentialAction\":[{\"@type\":\"SearchAction\",\"target\":{\"@type\":\"EntryPoint\",\"urlTemplate\":\"https:\/\/parafia-osieczna.pl\/?s={search_term_string}\"},\"query-input\":\"required name=search_term_string\"}],\"inLanguage\":\"pl-PL\"},{\"@type\":\"Person\",\"@id\":\"https:\/\/parafia-osieczna.pl\/#\/schema\/person\/4bb90f6872d84c4a549e48fbda6c58d6\",\"name\":\"Grzegorz Kielas\",\"image\":{\"@type\":\"ImageObject\",\"inLanguage\":\"pl-PL\",\"@id\":\"https:\/\/parafia-osieczna.pl\/#\/schema\/person\/image\/\",\"url\":\"https:\/\/secure.gravatar.com\/avatar\/033b8531a3bfe699d922bd205129822a7e9a0e4c373d517fae719e5e1ef3d15e?s=96&d=mm&r=g\",\"contentUrl\":\"https:\/\/secure.gravatar.com\/avatar\/033b8531a3bfe699d922bd205129822a7e9a0e4c373d517fae719e5e1ef3d15e?s=96&d=mm&r=g\",\"caption\":\"Grzegorz Kielas\"},\"sameAs\":[\"http:\/\/parafia-osieczna.pl\"],\"url\":\"https:\/\/parafia-osieczna.pl\/?author=7\"}]}<\/script>\n<!-- \/ Yoast SEO plugin. -->","yoast_head_json":{"title":"5.01.2026 r. \u2013 11.01.2026 r. - Parafia Niepokalanego Pocz\u0119cia Naj\u015bwi\u0119tszej Maryi Panny w Osiecznej","robots":{"index":"index","follow":"follow","max-snippet":"max-snippet:-1","max-image-preview":"max-image-preview:large","max-video-preview":"max-video-preview:-1"},"canonical":"https:\/\/parafia-osieczna.pl\/?p=6125","og_locale":"pl_PL","og_type":"article","og_title":"5.01.2026 r. \u2013 11.01.2026 r. - Parafia Niepokalanego Pocz\u0119cia Naj\u015bwi\u0119tszej Maryi Panny w Osiecznej","og_description":"Poniedzia\u0142ek &nbsp;\u2013 5 stycznia 2026 r. Godz. 9.00 \u2013 za \u015bp. Matyld\u0119 Glaza \u2013 int. Zak\u0142adu Pogrzebowego Bemar z \u0141\u0119ga Godz. 9.45 &#8211; O zdrowie i ulg\u0119 w cierpieniu dla Halinki i Honoraty &#8212;&#8212;&#8212;&#8212;&#8212;&#8212;&#8212;&#8212;&#8212;&#8212;&#8212;&#8212;&#8212;&#8212;&#8212;&#8212;&#8212;&#8212;&#8212;&#8212;&#8212;&#8212;&#8212;&#8212;&#8211; Wtorek \u2013 6 stycznia 2026 r. \u2013 OBJAWIENIE PA\u0143SKIE \/ Trzech Kr\u00f3li Godz. 8.00 \u2013 za \u015bp. m\u0119\u017ca ojca i dziadka: [&hellip;]","og_url":"https:\/\/parafia-osieczna.pl\/?p=6125","og_site_name":"Parafia Niepokalanego Pocz\u0119cia Naj\u015bwi\u0119tszej Maryi Panny w Osiecznej","article_published_time":"2026-01-03T14:12:16+00:00","article_modified_time":"2026-01-04T05:41:26+00:00","og_image":[{"width":1029,"height":1029,"url":"https:\/\/parafia-osieczna.pl\/wp-content\/uploads\/2023\/08\/Logo-Osieczna-4.png","type":"image\/png"}],"author":"Grzegorz Kielas","twitter_card":"summary_large_image","twitter_misc":{"Napisane przez":"Grzegorz Kielas","Szacowany czas czytania":"2 minuty"},"schema":{"@context":"https:\/\/schema.org","@graph":[{"@type":"WebPage","@id":"https:\/\/parafia-osieczna.pl\/?p=6125","url":"https:\/\/parafia-osieczna.pl\/?p=6125","name":"5.01.2026 r. \u2013 11.01.2026 r. - Parafia Niepokalanego Pocz\u0119cia Naj\u015bwi\u0119tszej Maryi Panny w Osiecznej","isPartOf":{"@id":"https:\/\/parafia-osieczna.pl\/#website"},"datePublished":"2026-01-03T14:12:16+00:00","dateModified":"2026-01-04T05:41:26+00:00","author":{"@id":"https:\/\/parafia-osieczna.pl\/#\/schema\/person\/4bb90f6872d84c4a549e48fbda6c58d6"},"breadcrumb":{"@id":"https:\/\/parafia-osieczna.pl\/?p=6125#breadcrumb"},"inLanguage":"pl-PL","potentialAction":[{"@type":"ReadAction","target":["https:\/\/parafia-osieczna.pl\/?p=6125"]}]},{"@type":"BreadcrumbList","@id":"https:\/\/parafia-osieczna.pl\/?p=6125#breadcrumb","itemListElement":[{"@type":"ListItem","position":1,"name":"Strona g\u0142\u00f3wna","item":"https:\/\/parafia-osieczna.pl\/?page_id=206"},{"@type":"ListItem","position":2,"name":"5.01.2026 r. \u2013 11.01.2026 r."}]},{"@type":"WebSite","@id":"https:\/\/parafia-osieczna.pl\/#website","url":"https:\/\/parafia-osieczna.pl\/","name":"Parafia Niepokalanego Pocz\u0119cia Naj\u015bwi\u0119tszej Maryi Panny w Osiecznej","description":"","potentialAction":[{"@type":"SearchAction","target":{"@type":"EntryPoint","urlTemplate":"https:\/\/parafia-osieczna.pl\/?s={search_term_string}"},"query-input":"required name=search_term_string"}],"inLanguage":"pl-PL"},{"@type":"Person","@id":"https:\/\/parafia-osieczna.pl\/#\/schema\/person\/4bb90f6872d84c4a549e48fbda6c58d6","name":"Grzegorz Kielas","image":{"@type":"ImageObject","inLanguage":"pl-PL","@id":"https:\/\/parafia-osieczna.pl\/#\/schema\/person\/image\/","url":"https:\/\/secure.gravatar.com\/avatar\/033b8531a3bfe699d922bd205129822a7e9a0e4c373d517fae719e5e1ef3d15e?s=96&d=mm&r=g","contentUrl":"https:\/\/secure.gravatar.com\/avatar\/033b8531a3bfe699d922bd205129822a7e9a0e4c373d517fae719e5e1ef3d15e?s=96&d=mm&r=g","caption":"Grzegorz Kielas"},"sameAs":["http:\/\/parafia-osieczna.pl"],"url":"https:\/\/parafia-osieczna.pl\/?author=7"}]}},"_links":{"self":[{"href":"https:\/\/parafia-osieczna.pl\/index.php?rest_route=\/wp\/v2\/posts\/6125","targetHints":{"allow":["GET"]}}],"collection":[{"href":"https:\/\/parafia-osieczna.pl\/index.php?rest_route=\/wp\/v2\/posts"}],"about":[{"href":"https:\/\/parafia-osieczna.pl\/index.php?rest_route=\/wp\/v2\/types\/post"}],"author":[{"embeddable":true,"href":"https:\/\/parafia-osieczna.pl\/index.php?rest_route=\/wp\/v2\/users\/7"}],"replies":[{"embeddable":true,"href":"https:\/\/parafia-osieczna.pl\/index.php?rest_route=%2Fwp%2Fv2%2Fcomments&post=6125"}],"version-history":[{"count":2,"href":"https:\/\/parafia-osieczna.pl\/index.php?rest_route=\/wp\/v2\/posts\/6125\/revisions"}],"predecessor-version":[{"id":6127,"href":"https:\/\/parafia-osieczna.pl\/index.php?rest_route=\/wp\/v2\/posts\/6125\/revisions\/6127"}],"wp:featuredmedia":[{"embeddable":true,"href":"https:\/\/parafia-osieczna.pl\/index.php?rest_route=\/wp\/v2\/media\/5261"}],"wp:attachment":[{"href":"https:\/\/parafia-osieczna.pl\/index.php?rest_route=%2Fwp%2Fv2%2Fmedia&parent=6125"}],"wp:term":[{"taxonomy":"category","embeddable":true,"href":"https:\/\/parafia-osieczna.pl\/index.php?rest_route=%2Fwp%2Fv2%2Fcategories&post=6125"},{"taxonomy":"post_tag","embeddable":true,"href":"https:\/\/parafia-osieczna.pl\/index.php?rest_route=%2Fwp%2Fv2%2Ftags&post=6125"}],"curies":[{"name":"wp","href":"https:\/\/api.w.org\/{rel}","templated":true}]}}