{"id":6122,"date":"2026-01-03T15:10:42","date_gmt":"2026-01-03T14:10:42","guid":{"rendered":"https:\/\/parafia-osieczna.pl\/?p=6122"},"modified":"2026-01-03T15:10:46","modified_gmt":"2026-01-03T14:10:46","slug":"druga-niedziela-po-narodzeniu-panskim-4-stycznia-2026","status":"publish","type":"post","link":"https:\/\/parafia-osieczna.pl\/?p=6122","title":{"rendered":"DRUGA NIEDZIELA PO NARODZENIU PA\u0143SKIM \u2013 4 stycznia 2026"},"content":{"rendered":"\n<p>l. Prze\u017cywamy rado\u015b\u0107 z narodzenia Pa\u0144skiego, cho\u0107 to ju\u017c druga niedziela po \u015bwi\u0119tach Bo\u017cego Narodzenia.<\/p>\n\n\n\n<p>2. W najbli\u017cszy wtorek, 6 stycznia, przypada uroczysto\u015b\u0107 <strong>Objawienia Pa\u0144skiego<\/strong>, w&nbsp;naszej tradycji zwana \u015bwi\u0119tem <strong>Trzech Kr\u00f3li<\/strong>, kt\u00f3ra przypomina, \u017ce Syn Bo\u017cy przyszed\u0142 do ludzi wszystkich narod\u00f3w, ras i j\u0119zyk\u00f3w. Msze \u015awi\u0119te wed\u0142ug porz\u0105dku niedzielnego. Tego dnia w&nbsp;ko\u015bciele pob\u0142ogos\u0142awimy kadzid\u0142o i&nbsp;kred\u0119, kt\u00f3r\u0105 \u2013 zgodnie z dawnym polskim zwyczajem \u2013 na drzwiach naszych dom\u00f3w kre\u015blimy pierwsze litery imion M\u0119drc\u00f3w ze Wschodu: Kacpra, Melchiora i Baltazara (C&nbsp;+&nbsp;M&nbsp;+ B), dodaj\u0105c cyfry roku Pa\u0144skiego (2026). Ten zapis t\u0142umaczymy te\u017c jako pro\u015bb\u0119, aby Chrystus pob\u0142ogos\u0142awi\u0142 nasz dom: \u201eChristus mansionem benedicat\u201d. Takie oznakowanie drzwi naszych dom\u00f3w stanowi \u015bwiadectwo wiary wobec naszych braci i si\u00f3str.<\/p>\n\n\n\n<p>3. W uroczysto\u015b\u0107 Objawienia Pa\u0144skiego obchodzimy <strong>Dzie\u0144 Pomocy Misjom i Misyjny Dzie\u0144 Dzieci<\/strong>. Dlatego do puszek tego dnia b\u0119d\u0105 zbierane ofiary na Krajowy Fundusz Misyjny. Polecam t\u0119 sk\u0142adk\u0119 ofiarno\u015bci Parafian.<\/p>\n\n\n\n<p>4. Jednocze\u015bnie w t\u0119 uroczysto\u015b\u0107, 6 stycznia, oficjalnie zostanie zako\u0144czony <strong>Rok Jubileuszowy 2025<\/strong>. Papie\u017c Leon XIV symbolicznie dokona zamkni\u0119cia Drzwi \u015awi\u0119tych w&nbsp;Bazylice \u015awi\u0119tego Piotra na Watykanie.<\/p>\n\n\n\n<p>5. Pi\u0119kn\u0105 tradycj\u0105 zwi\u0105zan\u0105 z t\u0105 uroczysto\u015bci\u0105 staje si\u0119 te\u017c organizowany w naszych miejskich i wiejskich parafiach <strong>Orszak Trzech Kr\u00f3li<\/strong>. W to wsp\u00f3lnotowe \u015bwi\u0119towanie w\u0142\u0105cza si\u0119 wiele polskich rodzin, doros\u0142ych i dzieci, wsp\u00f3lnot parafialnych. Jest to wspania\u0142a publiczna manifestacja wiary i rado\u015bci z przyj\u015bcia Zbawiciela na \u015bwiat.<\/p>\n\n\n\n<p>&nbsp;&nbsp; Zapraszamy serdecznie wszystkich na kolejny <strong>Orszak Trzech Kr\u00f3li<\/strong>&nbsp; kt\u00f3ry odb\u0119dzie si\u0119&nbsp; 6 stycznia.&nbsp;<\/p>\n\n\n\n<p>&nbsp;&nbsp; O godz. 10.30 nast\u0105pi Formowanie Orszaku na placu przy szkole. Nast\u0119pnie wyruszymy wsp\u00f3lnie \u015bpiewaj\u0105c kol\u0119dy w kierunku naszego ko\u015bcio\u0142a, gdzie zostan\u0105 z\u0142o\u017cone dary Dzieci\u0105tku i Msza \u015bw. o godz. 11.00.<\/p>\n\n\n\n<p>6. Z racji odwiedzin duszpasterskich zmieni\u0142 si\u0119 porz\u0105dek Mszy \u015awi\u0119tych w dni powszednie <strong><u>w poniedzia\u0142ek, \u015brod\u0119, czwartek i pi\u0105tek tylko o godz. 9.00, w sobot\u0119 o godz. 8.00 i 17.00<\/u><\/strong>.<\/p>\n\n\n\n<p>7. W naszej parafii trwaj\u0105 doroczne odwiedziny duszpasterskie, tak zwana kol\u0119da. Pami\u0119tajmy, \u017ce kap\u0142an przychodzi do naszych dom\u00f3w i mieszka\u0144, a przede wszystkim do rodzin z Bo\u017cym b\u0142ogos\u0142awie\u0144stwem. Plan kol\u0119dy na ten tydzie\u0144 jest nast\u0119puj\u0105cy:<\/p>\n\n\n\n<p>5.01.2026 r. \u2013 Poniedzia\u0142ek &#8211; <strong>Osieczna<\/strong> ul. Sienkiewicza od godz. 14.00 (jedna strona, od p. Ma\u0144ka do p. Wielewickich) (pro\u015bba o pojazd na godz. 13.45);<\/p>\n\n\n\n<p>7.01.2026 r. \u2013 \u015aroda \u2013 od godz. 14.00 &#8211; <strong>Du\u017ce Kr\u00f3wno<\/strong> (ca\u0142e), (od p. Stamskich do p. Rezmer), (pro\u015bba o pojazd na godz. 13.45);<\/p>\n\n\n\n<p>8.01.2026 r. \u2013 Czwartek o godz. 13.00 &#8211; <strong>Kol\u0119da Dekanalna z Ksi\u0119dzem Biskupem<\/strong> w Legb\u0105dzie;<\/p>\n\n\n\n<p>9.01.2026 r. \u2013 Pi\u0105tek \u2013 od godz. 14.00 &#8211; <strong>Ma\u0142e Kr\u00f3wno<\/strong> (od p. \u0141\u0105ckich, po obydw\u00f3ch stronach do p. Bukowskiego), (pro\u015bba o pojazd na godz. 13.45);<\/p>\n\n\n\n<p>10.01.2026 r. \u2013 Sobota \u2013 od godz. 10.00 &#8211; <strong>Osieczna<\/strong> ul. Prusa, Kraszewskiego, Kochanowskiego (pro\u015bba o pojazd na godz. 9.45);<\/p>\n\n\n\n<p>11.01.2026 r. \u2013 Niedziela \u2013 od godz. 13.00 &#8211; <strong>Le\u015bnictwa<\/strong>: Le\u015bny Dw\u00f3r, Osieczna, Sekretarz\u00f3wka,&nbsp; Owcze B\u0142ota, Nowy Dw\u00f3r i Osada (pro\u015bba o pojazd na godz. 12.45);<\/p>\n\n\n\n<p>12.01.2026 r. \u2013 Poniedzia\u0142ek \u2013 od godz. 14.00 &#8211; <strong>Ma\u0142e Kr\u00f3wno<\/strong> (od p. Tala\u015bka do p. \u0141angowskich, obydwie strony), (pro\u015bba o pojazd na godz. 13.45).<\/p>\n\n\n\n<p>Program kol\u0119dy jest wywieszony w gablocie parafialnej, na naszej stronie internetowej i parafialnym Facebooku.<\/p>\n\n\n\n<p>8. Dzi\u0119kuj\u0119 Pa\u0144stwu Stosik, Stosik, W\u0142och i Stopa z ul. Ko\u015bciuszki za przygotowanie ko\u015bcio\u0142a na dzisiejsz\u0105 niedziel\u0119. W przysz\u0142ym tygodniu o przygotowanie ko\u015bcio\u0142a poprosz\u0119 Pa\u0144stwo Koseckich, Bugajewskich i Andrearczyk z ul. Ko\u015bciuszki.<\/p>\n\n\n\n<p>9. Na stoliku pod ch\u00f3rem wy\u0142o\u017cony jest nowy numer dwutygodnika diecezjalnego: <strong><em>\u201ePielgrzym\u201d<\/em><\/strong>. Zach\u0119cam do korzystania z prasy katolickiej.<\/p>\n\n\n\n<p>10. Wszystkim <strong>jubilatom i solenizantom<\/strong> tego tygodnia \u017cycz\u0119 do\u015bwiadczenia blisko\u015bci Boga, obfito\u015bci Jego dar\u00f3w w codziennym \u017cyciu oraz opieki Matki Naj\u015bwi\u0119tszej.<\/p>\n","protected":false},"excerpt":{"rendered":"<p>l. Prze\u017cywamy rado\u015b\u0107 z narodzenia Pa\u0144skiego, cho\u0107 to ju\u017c druga niedziela po \u015bwi\u0119tach Bo\u017cego Narodzenia. 2. W najbli\u017cszy wtorek, 6 stycznia, przypada uroczysto\u015b\u0107 Objawienia Pa\u0144skiego, w&nbsp;naszej tradycji zwana \u015bwi\u0119tem Trzech Kr\u00f3li, kt\u00f3ra przypomina, \u017ce Syn Bo\u017cy przyszed\u0142 do ludzi wszystkich narod\u00f3w, ras i j\u0119zyk\u00f3w. Msze \u015awi\u0119te wed\u0142ug porz\u0105dku niedzielnego. Tego dnia w&nbsp;ko\u015bciele pob\u0142ogos\u0142awimy kadzid\u0142o i&nbsp;kred\u0119, [&hellip;]<\/p>\n","protected":false},"author":7,"featured_media":5261,"comment_status":"closed","ping_status":"closed","sticky":false,"template":"","format":"standard","meta":{"footnotes":""},"categories":[1],"tags":[],"class_list":["post-6122","post","type-post","status-publish","format-standard","has-post-thumbnail","hentry","category-ogloszenia-parafialne"],"yoast_head":"<!-- This site is optimized with the Yoast SEO plugin v19.7.1 - https:\/\/yoast.com\/wordpress\/plugins\/seo\/ -->\n<title>DRUGA NIEDZIELA PO NARODZENIU PA\u0143SKIM \u2013 4 stycznia 2026 - Parafia Niepokalanego Pocz\u0119cia Naj\u015bwi\u0119tszej Maryi Panny w Osiecznej<\/title>\n<meta name=\"robots\" content=\"index, follow, max-snippet:-1, max-image-preview:large, max-video-preview:-1\" \/>\n<link rel=\"canonical\" href=\"https:\/\/parafia-osieczna.pl\/?p=6122\" \/>\n<meta property=\"og:locale\" content=\"pl_PL\" \/>\n<meta property=\"og:type\" content=\"article\" \/>\n<meta property=\"og:title\" content=\"DRUGA NIEDZIELA PO NARODZENIU PA\u0143SKIM \u2013 4 stycznia 2026 - Parafia Niepokalanego Pocz\u0119cia Naj\u015bwi\u0119tszej Maryi Panny w Osiecznej\" \/>\n<meta property=\"og:description\" content=\"l. Prze\u017cywamy rado\u015b\u0107 z narodzenia Pa\u0144skiego, cho\u0107 to ju\u017c druga niedziela po \u015bwi\u0119tach Bo\u017cego Narodzenia. 2. W najbli\u017cszy wtorek, 6 stycznia, przypada uroczysto\u015b\u0107 Objawienia Pa\u0144skiego, w&nbsp;naszej tradycji zwana \u015bwi\u0119tem Trzech Kr\u00f3li, kt\u00f3ra przypomina, \u017ce Syn Bo\u017cy przyszed\u0142 do ludzi wszystkich narod\u00f3w, ras i j\u0119zyk\u00f3w. Msze \u015awi\u0119te wed\u0142ug porz\u0105dku niedzielnego. Tego dnia w&nbsp;ko\u015bciele pob\u0142ogos\u0142awimy kadzid\u0142o i&nbsp;kred\u0119, [&hellip;]\" \/>\n<meta property=\"og:url\" content=\"https:\/\/parafia-osieczna.pl\/?p=6122\" \/>\n<meta property=\"og:site_name\" content=\"Parafia Niepokalanego Pocz\u0119cia Naj\u015bwi\u0119tszej Maryi Panny w Osiecznej\" \/>\n<meta property=\"article:published_time\" content=\"2026-01-03T14:10:42+00:00\" \/>\n<meta property=\"article:modified_time\" content=\"2026-01-03T14:10:46+00:00\" \/>\n<meta property=\"og:image\" content=\"https:\/\/parafia-osieczna.pl\/wp-content\/uploads\/2023\/08\/Logo-Osieczna-4.png\" \/>\n\t<meta property=\"og:image:width\" content=\"1029\" \/>\n\t<meta property=\"og:image:height\" content=\"1029\" \/>\n\t<meta property=\"og:image:type\" content=\"image\/png\" \/>\n<meta name=\"author\" content=\"Grzegorz Kielas\" \/>\n<meta name=\"twitter:card\" content=\"summary_large_image\" \/>\n<meta name=\"twitter:label1\" content=\"Napisane przez\" \/>\n\t<meta name=\"twitter:data1\" content=\"Grzegorz Kielas\" \/>\n\t<meta name=\"twitter:label2\" content=\"Szacowany czas czytania\" \/>\n\t<meta name=\"twitter:data2\" content=\"4 minuty\" \/>\n<script type=\"application\/ld+json\" class=\"yoast-schema-graph\">{\"@context\":\"https:\/\/schema.org\",\"@graph\":[{\"@type\":\"WebPage\",\"@id\":\"https:\/\/parafia-osieczna.pl\/?p=6122\",\"url\":\"https:\/\/parafia-osieczna.pl\/?p=6122\",\"name\":\"DRUGA NIEDZIELA PO NARODZENIU PA\u0143SKIM \u2013 4 stycznia 2026 - Parafia Niepokalanego Pocz\u0119cia Naj\u015bwi\u0119tszej Maryi Panny w Osiecznej\",\"isPartOf\":{\"@id\":\"https:\/\/parafia-osieczna.pl\/#website\"},\"datePublished\":\"2026-01-03T14:10:42+00:00\",\"dateModified\":\"2026-01-03T14:10:46+00:00\",\"author\":{\"@id\":\"https:\/\/parafia-osieczna.pl\/#\/schema\/person\/4bb90f6872d84c4a549e48fbda6c58d6\"},\"breadcrumb\":{\"@id\":\"https:\/\/parafia-osieczna.pl\/?p=6122#breadcrumb\"},\"inLanguage\":\"pl-PL\",\"potentialAction\":[{\"@type\":\"ReadAction\",\"target\":[\"https:\/\/parafia-osieczna.pl\/?p=6122\"]}]},{\"@type\":\"BreadcrumbList\",\"@id\":\"https:\/\/parafia-osieczna.pl\/?p=6122#breadcrumb\",\"itemListElement\":[{\"@type\":\"ListItem\",\"position\":1,\"name\":\"Strona g\u0142\u00f3wna\",\"item\":\"https:\/\/parafia-osieczna.pl\/?page_id=206\"},{\"@type\":\"ListItem\",\"position\":2,\"name\":\"DRUGA NIEDZIELA PO NARODZENIU PA\u0143SKIM \u2013 4 stycznia 2026\"}]},{\"@type\":\"WebSite\",\"@id\":\"https:\/\/parafia-osieczna.pl\/#website\",\"url\":\"https:\/\/parafia-osieczna.pl\/\",\"name\":\"Parafia Niepokalanego Pocz\u0119cia Naj\u015bwi\u0119tszej Maryi Panny w Osiecznej\",\"description\":\"\",\"potentialAction\":[{\"@type\":\"SearchAction\",\"target\":{\"@type\":\"EntryPoint\",\"urlTemplate\":\"https:\/\/parafia-osieczna.pl\/?s={search_term_string}\"},\"query-input\":\"required name=search_term_string\"}],\"inLanguage\":\"pl-PL\"},{\"@type\":\"Person\",\"@id\":\"https:\/\/parafia-osieczna.pl\/#\/schema\/person\/4bb90f6872d84c4a549e48fbda6c58d6\",\"name\":\"Grzegorz Kielas\",\"image\":{\"@type\":\"ImageObject\",\"inLanguage\":\"pl-PL\",\"@id\":\"https:\/\/parafia-osieczna.pl\/#\/schema\/person\/image\/\",\"url\":\"https:\/\/secure.gravatar.com\/avatar\/033b8531a3bfe699d922bd205129822a7e9a0e4c373d517fae719e5e1ef3d15e?s=96&d=mm&r=g\",\"contentUrl\":\"https:\/\/secure.gravatar.com\/avatar\/033b8531a3bfe699d922bd205129822a7e9a0e4c373d517fae719e5e1ef3d15e?s=96&d=mm&r=g\",\"caption\":\"Grzegorz Kielas\"},\"sameAs\":[\"http:\/\/parafia-osieczna.pl\"],\"url\":\"https:\/\/parafia-osieczna.pl\/?author=7\"}]}<\/script>\n<!-- \/ Yoast SEO plugin. -->","yoast_head_json":{"title":"DRUGA NIEDZIELA PO NARODZENIU PA\u0143SKIM \u2013 4 stycznia 2026 - Parafia Niepokalanego Pocz\u0119cia Naj\u015bwi\u0119tszej Maryi Panny w Osiecznej","robots":{"index":"index","follow":"follow","max-snippet":"max-snippet:-1","max-image-preview":"max-image-preview:large","max-video-preview":"max-video-preview:-1"},"canonical":"https:\/\/parafia-osieczna.pl\/?p=6122","og_locale":"pl_PL","og_type":"article","og_title":"DRUGA NIEDZIELA PO NARODZENIU PA\u0143SKIM \u2013 4 stycznia 2026 - Parafia Niepokalanego Pocz\u0119cia Naj\u015bwi\u0119tszej Maryi Panny w Osiecznej","og_description":"l. Prze\u017cywamy rado\u015b\u0107 z narodzenia Pa\u0144skiego, cho\u0107 to ju\u017c druga niedziela po \u015bwi\u0119tach Bo\u017cego Narodzenia. 2. W najbli\u017cszy wtorek, 6 stycznia, przypada uroczysto\u015b\u0107 Objawienia Pa\u0144skiego, w&nbsp;naszej tradycji zwana \u015bwi\u0119tem Trzech Kr\u00f3li, kt\u00f3ra przypomina, \u017ce Syn Bo\u017cy przyszed\u0142 do ludzi wszystkich narod\u00f3w, ras i j\u0119zyk\u00f3w. Msze \u015awi\u0119te wed\u0142ug porz\u0105dku niedzielnego. Tego dnia w&nbsp;ko\u015bciele pob\u0142ogos\u0142awimy kadzid\u0142o i&nbsp;kred\u0119, [&hellip;]","og_url":"https:\/\/parafia-osieczna.pl\/?p=6122","og_site_name":"Parafia Niepokalanego Pocz\u0119cia Naj\u015bwi\u0119tszej Maryi Panny w Osiecznej","article_published_time":"2026-01-03T14:10:42+00:00","article_modified_time":"2026-01-03T14:10:46+00:00","og_image":[{"width":1029,"height":1029,"url":"https:\/\/parafia-osieczna.pl\/wp-content\/uploads\/2023\/08\/Logo-Osieczna-4.png","type":"image\/png"}],"author":"Grzegorz Kielas","twitter_card":"summary_large_image","twitter_misc":{"Napisane przez":"Grzegorz Kielas","Szacowany czas czytania":"4 minuty"},"schema":{"@context":"https:\/\/schema.org","@graph":[{"@type":"WebPage","@id":"https:\/\/parafia-osieczna.pl\/?p=6122","url":"https:\/\/parafia-osieczna.pl\/?p=6122","name":"DRUGA NIEDZIELA PO NARODZENIU PA\u0143SKIM \u2013 4 stycznia 2026 - Parafia Niepokalanego Pocz\u0119cia Naj\u015bwi\u0119tszej Maryi Panny w Osiecznej","isPartOf":{"@id":"https:\/\/parafia-osieczna.pl\/#website"},"datePublished":"2026-01-03T14:10:42+00:00","dateModified":"2026-01-03T14:10:46+00:00","author":{"@id":"https:\/\/parafia-osieczna.pl\/#\/schema\/person\/4bb90f6872d84c4a549e48fbda6c58d6"},"breadcrumb":{"@id":"https:\/\/parafia-osieczna.pl\/?p=6122#breadcrumb"},"inLanguage":"pl-PL","potentialAction":[{"@type":"ReadAction","target":["https:\/\/parafia-osieczna.pl\/?p=6122"]}]},{"@type":"BreadcrumbList","@id":"https:\/\/parafia-osieczna.pl\/?p=6122#breadcrumb","itemListElement":[{"@type":"ListItem","position":1,"name":"Strona g\u0142\u00f3wna","item":"https:\/\/parafia-osieczna.pl\/?page_id=206"},{"@type":"ListItem","position":2,"name":"DRUGA NIEDZIELA PO NARODZENIU PA\u0143SKIM \u2013 4 stycznia 2026"}]},{"@type":"WebSite","@id":"https:\/\/parafia-osieczna.pl\/#website","url":"https:\/\/parafia-osieczna.pl\/","name":"Parafia Niepokalanego Pocz\u0119cia Naj\u015bwi\u0119tszej Maryi Panny w Osiecznej","description":"","potentialAction":[{"@type":"SearchAction","target":{"@type":"EntryPoint","urlTemplate":"https:\/\/parafia-osieczna.pl\/?s={search_term_string}"},"query-input":"required name=search_term_string"}],"inLanguage":"pl-PL"},{"@type":"Person","@id":"https:\/\/parafia-osieczna.pl\/#\/schema\/person\/4bb90f6872d84c4a549e48fbda6c58d6","name":"Grzegorz Kielas","image":{"@type":"ImageObject","inLanguage":"pl-PL","@id":"https:\/\/parafia-osieczna.pl\/#\/schema\/person\/image\/","url":"https:\/\/secure.gravatar.com\/avatar\/033b8531a3bfe699d922bd205129822a7e9a0e4c373d517fae719e5e1ef3d15e?s=96&d=mm&r=g","contentUrl":"https:\/\/secure.gravatar.com\/avatar\/033b8531a3bfe699d922bd205129822a7e9a0e4c373d517fae719e5e1ef3d15e?s=96&d=mm&r=g","caption":"Grzegorz Kielas"},"sameAs":["http:\/\/parafia-osieczna.pl"],"url":"https:\/\/parafia-osieczna.pl\/?author=7"}]}},"_links":{"self":[{"href":"https:\/\/parafia-osieczna.pl\/index.php?rest_route=\/wp\/v2\/posts\/6122","targetHints":{"allow":["GET"]}}],"collection":[{"href":"https:\/\/parafia-osieczna.pl\/index.php?rest_route=\/wp\/v2\/posts"}],"about":[{"href":"https:\/\/parafia-osieczna.pl\/index.php?rest_route=\/wp\/v2\/types\/post"}],"author":[{"embeddable":true,"href":"https:\/\/parafia-osieczna.pl\/index.php?rest_route=\/wp\/v2\/users\/7"}],"replies":[{"embeddable":true,"href":"https:\/\/parafia-osieczna.pl\/index.php?rest_route=%2Fwp%2Fv2%2Fcomments&post=6122"}],"version-history":[{"count":1,"href":"https:\/\/parafia-osieczna.pl\/index.php?rest_route=\/wp\/v2\/posts\/6122\/revisions"}],"predecessor-version":[{"id":6123,"href":"https:\/\/parafia-osieczna.pl\/index.php?rest_route=\/wp\/v2\/posts\/6122\/revisions\/6123"}],"wp:featuredmedia":[{"embeddable":true,"href":"https:\/\/parafia-osieczna.pl\/index.php?rest_route=\/wp\/v2\/media\/5261"}],"wp:attachment":[{"href":"https:\/\/parafia-osieczna.pl\/index.php?rest_route=%2Fwp%2Fv2%2Fmedia&parent=6122"}],"wp:term":[{"taxonomy":"category","embeddable":true,"href":"https:\/\/parafia-osieczna.pl\/index.php?rest_route=%2Fwp%2Fv2%2Fcategories&post=6122"},{"taxonomy":"post_tag","embeddable":true,"href":"https:\/\/parafia-osieczna.pl\/index.php?rest_route=%2Fwp%2Fv2%2Ftags&post=6122"}],"curies":[{"name":"wp","href":"https:\/\/api.w.org\/{rel}","templated":true}]}}